{"id":34686,"date":"2026-09-04T17:56:13","date_gmt":"2026-09-04T22:56:13","guid":{"rendered":"https:\/\/www.olade.org\/noticias\/webinar-road-to-the-first-regional-sustainable-mobility-summit\/"},"modified":"2026-09-04T18:00:59","modified_gmt":"2026-09-04T23:00:59","slug":"webinar-road-to-the-first-regional-sustainable-mobility-summit","status":"publish","type":"noticias","link":"https:\/\/www.olade.org\/en\/noticias\/webinar-road-to-the-first-regional-sustainable-mobility-summit\/","title":{"rendered":"Webinar: \u201cRoad to the First Regional Sustainable Mobility Summit.\u201d"},"content":{"rendered":"<p>As part of World EV Day, the Latin American and Caribbean Energy Organization (OLACDE) invites you to join the webinar: \u201cRoad to the First Regional Sustainable Mobility Summit.\u201d<\/p>\n<p>The event will bring together experts and key stakeholders from the sector to discuss the progress, challenges, and opportunities of electric mobility in Latin America and the Caribbean, as well as the conditions needed to accelerate transport decarbonization and advance towards more sustainable, efficient, and competitive mobility systems.<\/p>\n<p>The webinar will address strategic topics including technological trends, charging infrastructure, regulatory frameworks, financing, and the challenges associated with the adoption of electromobility.<\/p>\n<p>The webinar will also mark the first public milestone on the road to the First Regional Sustainable Mobility Summit, scheduled for November 2026.<\/p>\n<p>&nbsp;<\/p>\n<p><strong>About the event:<\/strong><\/p>\n<p>\ud83d\udcc5 <strong>Date:<\/strong> September 9, 2026<\/p>\n<p>\ud83d\udd59<strong> Time:<\/strong> 9:00\u201310:30 a.m. | UTC-5 (Quito time)<\/p>\n<p>\ud83c\udf10 <strong>Format:<\/strong> Virtual<\/p>\n<p>\ud83d\udc49<strong> Register:<\/strong> <a href=\"https:\/\/olade-org.zoom.us\/webinar\/register\/WN_0tKNR6gmRiiV2tzfQjfPoA\">https:\/\/olade-org.zoom.us\/webinar\/register\/WN_0tKNR6gmRiiV2tzfQjfPoA<\/a><\/p>\n<p>\u25b6\ufe0f <strong>Watch live on OLACDE\u2019s YouTube channel:<\/strong> <a href=\"https:\/\/www.youtube.com\/watch?v=vzUx8p-LlmE\">https:\/\/www.youtube.com\/watch?v=vzUx8p-LlmE<\/a><\/p>\n<p>Join this regional dialogue and discover the initiatives shaping the future of sustainable mobility in Latin America and the Caribbean.<\/p>\n","protected":false},"excerpt":{"rendered":"<p>Webinar: \u201cRoad to the First Regional Sustainable Mobility Summit.\u201d<\/p>\n","protected":false},"author":1,"featured_media":34687,"menu_order":0,"template":"","meta":{"_acf_changed":false,"footnotes":""},"categories":[252,26],"tags":[327],"class_list":["post-34686","noticias","type-noticias","status-publish","has-post-thumbnail","hentry","category-news","category-uncategorized","tag-petroleo-ormuz-mediooriente-olacde"],"acf":[],"yoast_head":"<!-- This site is optimized with the Yoast SEO Premium plugin v23.0 (Yoast SEO v23.1) - https:\/\/yoast.com\/wordpress\/plugins\/seo\/ -->\n<title>Webinar: \u201cRoad to the First Regional Sustainable Mobility Summit.\u201d - OLACDE<\/title>\n<meta name=\"robots\" content=\"index, follow, max-snippet:-1, max-image-preview:large, max-video-preview:-1\" \/>\n<link rel=\"canonical\" href=\"https:\/\/www.olade.org\/en\/noticias\/webinar-road-to-the-first-regional-sustainable-mobility-summit\/\" \/>\n<meta property=\"og:locale\" content=\"en_US\" \/>\n<meta property=\"og:type\" content=\"article\" \/>\n<meta property=\"og:title\" content=\"Webinar: \u201cRoad to the First Regional Sustainable Mobility Summit.\u201d\" \/>\n<meta property=\"og:description\" content=\"Webinar: \u201cRoad to the First Regional Sustainable Mobility Summit.\u201d\" \/>\n<meta property=\"og:url\" content=\"https:\/\/www.olade.org\/en\/noticias\/webinar-road-to-the-first-regional-sustainable-mobility-summit\/\" \/>\n<meta property=\"og:site_name\" content=\"OLACDE\" \/>\n<meta property=\"article:publisher\" content=\"https:\/\/www.facebook.com\/OLADEORG\" \/>\n<meta property=\"article:modified_time\" content=\"2026-09-04T23:00:59+00:00\" \/>\n<meta property=\"og:image\" content=\"http:\/\/www.olade.org\/wp-content\/uploads\/2026\/09\/1-1.jpg\" \/>\n\t<meta property=\"og:image:width\" content=\"847\" \/>\n\t<meta property=\"og:image:height\" content=\"570\" \/>\n\t<meta property=\"og:image:type\" content=\"image\/jpeg\" \/>\n<meta name=\"twitter:card\" content=\"summary_large_image\" \/>\n<meta name=\"twitter:site\" content=\"@OLADEORG\" \/>\n<meta name=\"twitter:label1\" content=\"Est. reading time\" \/>\n\t<meta name=\"twitter:data1\" content=\"1 minute\" \/>\n<script type=\"application\/ld+json\" class=\"yoast-schema-graph\">{\"@context\":\"https:\/\/schema.org\",\"@graph\":[{\"@type\":\"WebPage\",\"@id\":\"https:\/\/www.olade.org\/en\/noticias\/webinar-road-to-the-first-regional-sustainable-mobility-summit\/\",\"url\":\"https:\/\/www.olade.org\/en\/noticias\/webinar-road-to-the-first-regional-sustainable-mobility-summit\/\",\"name\":\"Webinar: \u201cRoad to the First Regional Sustainable Mobility Summit.\u201d - OLACDE\",\"isPartOf\":{\"@id\":\"https:\/\/www.olade.org\/en\/#website\"},\"primaryImageOfPage\":{\"@id\":\"https:\/\/www.olade.org\/en\/noticias\/webinar-road-to-the-first-regional-sustainable-mobility-summit\/#primaryimage\"},\"image\":{\"@id\":\"https:\/\/www.olade.org\/en\/noticias\/webinar-road-to-the-first-regional-sustainable-mobility-summit\/#primaryimage\"},\"thumbnailUrl\":\"https:\/\/www.olade.org\/wp-content\/uploads\/2026\/09\/1-1.jpg\",\"datePublished\":\"2026-09-04T22:56:13+00:00\",\"dateModified\":\"2026-09-04T23:00:59+00:00\",\"breadcrumb\":{\"@id\":\"https:\/\/www.olade.org\/en\/noticias\/webinar-road-to-the-first-regional-sustainable-mobility-summit\/#breadcrumb\"},\"inLanguage\":\"en-US\",\"potentialAction\":[{\"@type\":\"ReadAction\",\"target\":[\"https:\/\/www.olade.org\/en\/noticias\/webinar-road-to-the-first-regional-sustainable-mobility-summit\/\"]}]},{\"@type\":\"ImageObject\",\"inLanguage\":\"en-US\",\"@id\":\"https:\/\/www.olade.org\/en\/noticias\/webinar-road-to-the-first-regional-sustainable-mobility-summit\/#primaryimage\",\"url\":\"https:\/\/www.olade.org\/wp-content\/uploads\/2026\/09\/1-1.jpg\",\"contentUrl\":\"https:\/\/www.olade.org\/wp-content\/uploads\/2026\/09\/1-1.jpg\",\"width\":847,\"height\":570},{\"@type\":\"BreadcrumbList\",\"@id\":\"https:\/\/www.olade.org\/en\/noticias\/webinar-road-to-the-first-regional-sustainable-mobility-summit\/#breadcrumb\",\"itemListElement\":[{\"@type\":\"ListItem\",\"position\":1,\"name\":\"Home\",\"item\":\"https:\/\/www.olade.org\/en\/\"},{\"@type\":\"ListItem\",\"position\":2,\"name\":\"Noticias\",\"item\":\"https:\/\/www.olade.org\/en\/noticias\/\"},{\"@type\":\"ListItem\",\"position\":3,\"name\":\"Webinar: \u201cRoad to the First Regional Sustainable Mobility Summit.\u201d\"}]},{\"@type\":\"WebSite\",\"@id\":\"https:\/\/www.olade.org\/en\/#website\",\"url\":\"https:\/\/www.olade.org\/en\/\",\"name\":\"OLADE\",\"description\":\"La Organizaci\u00f3n Latinoamericana y Caribe\u00f1a de Energ\u00eda\",\"publisher\":{\"@id\":\"https:\/\/www.olade.org\/en\/#organization\"},\"potentialAction\":[{\"@type\":\"SearchAction\",\"target\":{\"@type\":\"EntryPoint\",\"urlTemplate\":\"https:\/\/www.olade.org\/en\/?s={search_term_string}\"},\"query-input\":\"required name=search_term_string\"}],\"inLanguage\":\"en-US\"},{\"@type\":\"Organization\",\"@id\":\"https:\/\/www.olade.org\/en\/#organization\",\"name\":\"OLADE\",\"url\":\"https:\/\/www.olade.org\/en\/\",\"logo\":{\"@type\":\"ImageObject\",\"inLanguage\":\"en-US\",\"@id\":\"https:\/\/www.olade.org\/en\/#\/schema\/logo\/image\/\",\"url\":\"https:\/\/www.olade.org\/wp-content\/uploads\/2024\/03\/Logo-OLADE-WEB_Color.png\",\"contentUrl\":\"https:\/\/www.olade.org\/wp-content\/uploads\/2024\/03\/Logo-OLADE-WEB_Color.png\",\"width\":300,\"height\":132,\"caption\":\"OLADE\"},\"image\":{\"@id\":\"https:\/\/www.olade.org\/en\/#\/schema\/logo\/image\/\"},\"sameAs\":[\"https:\/\/www.facebook.com\/OLADEORG\",\"https:\/\/x.com\/OLADEORG\",\"https:\/\/www.youtube.com\/user\/oladeorg\",\"https:\/\/www.instagram.com\/oladealc\/\",\"https:\/\/www.linkedin.com\/company\/olade\/\"],\"description\":\"La Organizaci\u00f3n Latinoamericana de Energ\u00eda (OLADE) es un organismo de cooperaci\u00f3n, coordinaci\u00f3n y asesor\u00eda t\u00e9cnica, de car\u00e1cter p\u00fablico intergubernamental, constituido el 2 de noviembre de 1973 mediante la suscripci\u00f3n del Convenio de Lima, ratificado por 27 pa\u00edses de Am\u00e9rica Latina y El Caribe, con el objetivo fundamental de fomentar la integraci\u00f3n, conservaci\u00f3n, racional aprovechamiento, comercializaci\u00f3n y defensa de los recursos energ\u00e9ticos de la Regi\u00f3n.\",\"email\":\"info@olade.org\",\"telephone\":\"+59322598122\",\"legalName\":\"Organizaci\u00f3n Latinoamericana de Energ\u00eda\",\"foundingDate\":\"1973-11-02\",\"numberOfEmployees\":{\"@type\":\"QuantitativeValue\",\"minValue\":\"51\",\"maxValue\":\"200\"}}]}<\/script>\n<!-- \/ Yoast SEO Premium plugin. -->","yoast_head_json":{"title":"Webinar: \u201cRoad to the First Regional Sustainable Mobility Summit.\u201d - OLACDE","robots":{"index":"index","follow":"follow","max-snippet":"max-snippet:-1","max-image-preview":"max-image-preview:large","max-video-preview":"max-video-preview:-1"},"canonical":"https:\/\/www.olade.org\/en\/noticias\/webinar-road-to-the-first-regional-sustainable-mobility-summit\/","og_locale":"en_US","og_type":"article","og_title":"Webinar: \u201cRoad to the First Regional Sustainable Mobility Summit.\u201d","og_description":"Webinar: \u201cRoad to the First Regional Sustainable Mobility Summit.\u201d","og_url":"https:\/\/www.olade.org\/en\/noticias\/webinar-road-to-the-first-regional-sustainable-mobility-summit\/","og_site_name":"OLACDE","article_publisher":"https:\/\/www.facebook.com\/OLADEORG","article_modified_time":"2026-09-04T23:00:59+00:00","og_image":[{"width":847,"height":570,"url":"http:\/\/www.olade.org\/wp-content\/uploads\/2026\/09\/1-1.jpg","type":"image\/jpeg"}],"twitter_card":"summary_large_image","twitter_site":"@OLADEORG","twitter_misc":{"Est. reading time":"1 minute"},"schema":{"@context":"https:\/\/schema.org","@graph":[{"@type":"WebPage","@id":"https:\/\/www.olade.org\/en\/noticias\/webinar-road-to-the-first-regional-sustainable-mobility-summit\/","url":"https:\/\/www.olade.org\/en\/noticias\/webinar-road-to-the-first-regional-sustainable-mobility-summit\/","name":"Webinar: \u201cRoad to the First Regional Sustainable Mobility Summit.\u201d - OLACDE","isPartOf":{"@id":"https:\/\/www.olade.org\/en\/#website"},"primaryImageOfPage":{"@id":"https:\/\/www.olade.org\/en\/noticias\/webinar-road-to-the-first-regional-sustainable-mobility-summit\/#primaryimage"},"image":{"@id":"https:\/\/www.olade.org\/en\/noticias\/webinar-road-to-the-first-regional-sustainable-mobility-summit\/#primaryimage"},"thumbnailUrl":"https:\/\/www.olade.org\/wp-content\/uploads\/2026\/09\/1-1.jpg","datePublished":"2026-09-04T22:56:13+00:00","dateModified":"2026-09-04T23:00:59+00:00","breadcrumb":{"@id":"https:\/\/www.olade.org\/en\/noticias\/webinar-road-to-the-first-regional-sustainable-mobility-summit\/#breadcrumb"},"inLanguage":"en-US","potentialAction":[{"@type":"ReadAction","target":["https:\/\/www.olade.org\/en\/noticias\/webinar-road-to-the-first-regional-sustainable-mobility-summit\/"]}]},{"@type":"ImageObject","inLanguage":"en-US","@id":"https:\/\/www.olade.org\/en\/noticias\/webinar-road-to-the-first-regional-sustainable-mobility-summit\/#primaryimage","url":"https:\/\/www.olade.org\/wp-content\/uploads\/2026\/09\/1-1.jpg","contentUrl":"https:\/\/www.olade.org\/wp-content\/uploads\/2026\/09\/1-1.jpg","width":847,"height":570},{"@type":"BreadcrumbList","@id":"https:\/\/www.olade.org\/en\/noticias\/webinar-road-to-the-first-regional-sustainable-mobility-summit\/#breadcrumb","itemListElement":[{"@type":"ListItem","position":1,"name":"Home","item":"https:\/\/www.olade.org\/en\/"},{"@type":"ListItem","position":2,"name":"Noticias","item":"https:\/\/www.olade.org\/en\/noticias\/"},{"@type":"ListItem","position":3,"name":"Webinar: \u201cRoad to the First Regional Sustainable Mobility Summit.\u201d"}]},{"@type":"WebSite","@id":"https:\/\/www.olade.org\/en\/#website","url":"https:\/\/www.olade.org\/en\/","name":"OLADE","description":"La Organizaci\u00f3n Latinoamericana y Caribe\u00f1a de Energ\u00eda","publisher":{"@id":"https:\/\/www.olade.org\/en\/#organization"},"potentialAction":[{"@type":"SearchAction","target":{"@type":"EntryPoint","urlTemplate":"https:\/\/www.olade.org\/en\/?s={search_term_string}"},"query-input":"required name=search_term_string"}],"inLanguage":"en-US"},{"@type":"Organization","@id":"https:\/\/www.olade.org\/en\/#organization","name":"OLADE","url":"https:\/\/www.olade.org\/en\/","logo":{"@type":"ImageObject","inLanguage":"en-US","@id":"https:\/\/www.olade.org\/en\/#\/schema\/logo\/image\/","url":"https:\/\/www.olade.org\/wp-content\/uploads\/2024\/03\/Logo-OLADE-WEB_Color.png","contentUrl":"https:\/\/www.olade.org\/wp-content\/uploads\/2024\/03\/Logo-OLADE-WEB_Color.png","width":300,"height":132,"caption":"OLADE"},"image":{"@id":"https:\/\/www.olade.org\/en\/#\/schema\/logo\/image\/"},"sameAs":["https:\/\/www.facebook.com\/OLADEORG","https:\/\/x.com\/OLADEORG","https:\/\/www.youtube.com\/user\/oladeorg","https:\/\/www.instagram.com\/oladealc\/","https:\/\/www.linkedin.com\/company\/olade\/"],"description":"La Organizaci\u00f3n Latinoamericana de Energ\u00eda (OLADE) es un organismo de cooperaci\u00f3n, coordinaci\u00f3n y asesor\u00eda t\u00e9cnica, de car\u00e1cter p\u00fablico intergubernamental, constituido el 2 de noviembre de 1973 mediante la suscripci\u00f3n del Convenio de Lima, ratificado por 27 pa\u00edses de Am\u00e9rica Latina y El Caribe, con el objetivo fundamental de fomentar la integraci\u00f3n, conservaci\u00f3n, racional aprovechamiento, comercializaci\u00f3n y defensa de los recursos energ\u00e9ticos de la Regi\u00f3n.","email":"info@olade.org","telephone":"+59322598122","legalName":"Organizaci\u00f3n Latinoamericana de Energ\u00eda","foundingDate":"1973-11-02","numberOfEmployees":{"@type":"QuantitativeValue","minValue":"51","maxValue":"200"}}]}},"_links":{"self":[{"href":"https:\/\/www.olade.org\/en\/wp-json\/wp\/v2\/noticias\/34686"}],"collection":[{"href":"https:\/\/www.olade.org\/en\/wp-json\/wp\/v2\/noticias"}],"about":[{"href":"https:\/\/www.olade.org\/en\/wp-json\/wp\/v2\/types\/noticias"}],"author":[{"embeddable":true,"href":"https:\/\/www.olade.org\/en\/wp-json\/wp\/v2\/users\/1"}],"version-history":[{"count":1,"href":"https:\/\/www.olade.org\/en\/wp-json\/wp\/v2\/noticias\/34686\/revisions"}],"predecessor-version":[{"id":34689,"href":"https:\/\/www.olade.org\/en\/wp-json\/wp\/v2\/noticias\/34686\/revisions\/34689"}],"wp:featuredmedia":[{"embeddable":true,"href":"https:\/\/www.olade.org\/en\/wp-json\/wp\/v2\/media\/34687"}],"wp:attachment":[{"href":"https:\/\/www.olade.org\/en\/wp-json\/wp\/v2\/media?parent=34686"}],"wp:term":[{"taxonomy":"category","embeddable":true,"href":"https:\/\/www.olade.org\/en\/wp-json\/wp\/v2\/categories?post=34686"},{"taxonomy":"post_tag","embeddable":true,"href":"https:\/\/www.olade.org\/en\/wp-json\/wp\/v2\/tags?post=34686"}],"curies":[{"name":"wp","href":"https:\/\/api.w.org\/{rel}","templated":true}]}}