{"id":26062,"date":"2024-12-05T13:04:30","date_gmt":"2024-12-05T18:04:30","guid":{"rendered":"https:\/\/www.olade.org\/noticias\/second-meeting-of-energy-vice-ministers-brasilia-consensus\/"},"modified":"2024-12-05T13:09:03","modified_gmt":"2024-12-05T18:09:03","slug":"second-meeting-of-energy-vice-ministers-brasilia-consensus","status":"publish","type":"noticias","link":"https:\/\/www.olade.org\/en\/noticias\/second-meeting-of-energy-vice-ministers-brasilia-consensus\/","title":{"rendered":"Second Meeting of Energy Vice Ministers &#8211; Brasilia Consensus"},"content":{"rendered":"<p>Energy leaders and experts gathered at the Palace of San Carlos, Bogot\u00e1, as part of the \u201cBrasilia Consensus,\u201d an integration mechanism aimed at strengthening ties among South American countries.<\/p>\n<p>During the context of the Meeting of Ministers of The Latin American and Caribbean Energy Organization (OLACDE), Ministerial Decision LIV\/D\/576 was adopted, establishing the creation of the Regional Energy Planning Council. This new body will be crucial in advancing energy planning with technical support from the Economic Commission for Latin America and the Caribbean (ECLAC), reaffirming the member states\u2019 commitment to strengthening dialogue and cooperation in the energy sector.<\/p>\n<p>The event identified priority areas designed to promote sustainability, inclusion, and resilience in regional energy matrices, highlighting the importance of electrical and gas integration as essential elements to achieve these objectives.<\/p>\n<p><strong>Key Presentations and Debates<\/strong><\/p>\n<p>During the meeting&#8217;s activities, countries had access to presentations and studies, including:<\/p>\n<ul>\n<li>Perspectives on South American electricity interconnection.<\/li>\n<li>Report on the regulatory status of the electricity market in regional countries.<\/li>\n<li>Analysis of Andean electricity interconnection.<\/li>\n<li>Report on the status of gas integration in South America.<\/li>\n<li>Institutional energy planning infrastructure of regional countries.<\/li>\n<li>Colombia\u2019s case study: Transmission Mission and the Colombian Geovisor for Electricity and Hydrocarbons Infrastructure.<\/li>\n<\/ul>\n<p>Additionally, a roundtable on Regional Energy Planning was held, where representatives from each country shared their positions, priorities, challenges, and opportunities related to energy integration.<\/p>\n<p><strong>Notable Contributions and Participation<\/strong><\/p>\n<p>The opening ceremony was led by Engineer Omar Camacho, Colombia\u2019s Minister of Mines and Energy. He emphasized his country\u2019s commitment to regional energy integration as a key strategy to address climate change and advance sustainable energy transitions. Among the challenges mentioned, he stressed the importance of consolidating a continental energy market, promoting infrastructure projects to connect regional blocks, and ensuring cooperation for a fair transition to clean energy.<\/p>\n<p>Ambassador Margarita Manjarrez, Director of Regional Integration and Consultation Mechanisms, reaffirmed her country\u2019s commitment to regional energy cooperation.<\/p>\n<p>Meanwhile, Andr\u00e9s Rebolledo Smitmans, Executive Secretary of OLACDE, underscored the importance of this meeting as a space to strengthen subregional energy cooperation and define joint actions for Latin America and the Caribbean. Rebolledo emphasized that energy integration is crucial for security, competitiveness, and transitioning to renewable energy. \u201cToday, with aligned political will, we will move toward regional planning that benefits all of Latin America and the Caribbean,\u201d he stated.<\/p>\n<p>Rodrigo Pe\u00f1ailillo, CAF representative in Colombia, highlighted the role of development banks in implementing sustainable energy projects, noting that \u201cCAF is a committed ally in the energy transition to achieve comprehensive development.\u201d<\/p>\n<p><strong>Towards a Sustainable Energy Future<\/strong><\/p>\n<p>The Regional Energy Planning Council will be established as a forum to coordinate policies, promote consensus, and facilitate the exchange of information and best practices. Its objectives include:<\/p>\n<ul>\n<li>Implementing planning tools such as long-term energy scenarios.<\/li>\n<li>Analyzing energy balances and integrated evaluation models.<\/li>\n<li>Supporting energy transitions through coherent and sustainable strategies.<\/li>\n<\/ul>\n<p>&nbsp;<\/p>\n<p>This meeting represents the region\u2019s commitment to work together to ensure a secure, sustainable, and accessible energy supply for all citizens.<\/p>\n<p>&nbsp;<\/p>\n","protected":false},"excerpt":{"rendered":"<p>Energy leaders and experts gathered at the Palace of San Carlos, Bogot\u00e1, as part of the \u201cBrasilia Consensus,\u201d an integration mechanism aimed at strengthening ties among South American countries.<\/p>\n","protected":false},"author":3,"featured_media":26058,"menu_order":0,"template":"","meta":{"_acf_changed":false,"footnotes":""},"categories":[252,26],"tags":[],"class_list":["post-26062","noticias","type-noticias","status-publish","has-post-thumbnail","hentry","category-news","category-uncategorized"],"acf":[],"yoast_head":"<!-- This site is optimized with the Yoast SEO Premium plugin v23.0 (Yoast SEO v23.1) - https:\/\/yoast.com\/wordpress\/plugins\/seo\/ -->\n<title>Second Meeting of Energy Vice Ministers - Brasilia Consensus - OLACDE<\/title>\n<meta name=\"robots\" content=\"index, follow, max-snippet:-1, max-image-preview:large, max-video-preview:-1\" \/>\n<link rel=\"canonical\" href=\"https:\/\/www.olade.org\/en\/noticias\/second-meeting-of-energy-vice-ministers-brasilia-consensus\/\" \/>\n<meta property=\"og:locale\" content=\"en_US\" \/>\n<meta property=\"og:type\" content=\"article\" \/>\n<meta property=\"og:title\" content=\"Second Meeting of Energy Vice Ministers - Brasilia Consensus\" \/>\n<meta property=\"og:description\" content=\"Energy leaders and experts gathered at the Palace of San Carlos, Bogot\u00e1, as part of the \u201cBrasilia Consensus,\u201d an integration mechanism aimed at strengthening ties among South American countries.\" \/>\n<meta property=\"og:url\" content=\"https:\/\/www.olade.org\/en\/noticias\/second-meeting-of-energy-vice-ministers-brasilia-consensus\/\" \/>\n<meta property=\"og:site_name\" content=\"OLACDE\" \/>\n<meta property=\"article:publisher\" content=\"https:\/\/www.facebook.com\/OLADEORG\" \/>\n<meta property=\"article:modified_time\" content=\"2024-12-05T18:09:03+00:00\" \/>\n<meta property=\"og:image\" content=\"http:\/\/www.olade.org\/wp-content\/uploads\/2024\/12\/Web-Development-Promotion-Facebook-Post-847-x-570-px.jpg\" \/>\n\t<meta property=\"og:image:width\" content=\"847\" \/>\n\t<meta property=\"og:image:height\" content=\"570\" \/>\n\t<meta property=\"og:image:type\" content=\"image\/jpeg\" \/>\n<meta name=\"twitter:card\" content=\"summary_large_image\" \/>\n<meta name=\"twitter:site\" content=\"@OLADEORG\" \/>\n<meta name=\"twitter:label1\" content=\"Est. reading time\" \/>\n\t<meta name=\"twitter:data1\" content=\"3 minutes\" \/>\n<script type=\"application\/ld+json\" class=\"yoast-schema-graph\">{\"@context\":\"https:\/\/schema.org\",\"@graph\":[{\"@type\":\"WebPage\",\"@id\":\"https:\/\/www.olade.org\/en\/noticias\/second-meeting-of-energy-vice-ministers-brasilia-consensus\/\",\"url\":\"https:\/\/www.olade.org\/en\/noticias\/second-meeting-of-energy-vice-ministers-brasilia-consensus\/\",\"name\":\"Second Meeting of Energy Vice Ministers - Brasilia Consensus - OLACDE\",\"isPartOf\":{\"@id\":\"https:\/\/www.olade.org\/en\/#website\"},\"primaryImageOfPage\":{\"@id\":\"https:\/\/www.olade.org\/en\/noticias\/second-meeting-of-energy-vice-ministers-brasilia-consensus\/#primaryimage\"},\"image\":{\"@id\":\"https:\/\/www.olade.org\/en\/noticias\/second-meeting-of-energy-vice-ministers-brasilia-consensus\/#primaryimage\"},\"thumbnailUrl\":\"https:\/\/www.olade.org\/wp-content\/uploads\/2024\/12\/Web-Development-Promotion-Facebook-Post-847-x-570-px.jpg\",\"datePublished\":\"2024-12-05T18:04:30+00:00\",\"dateModified\":\"2024-12-05T18:09:03+00:00\",\"breadcrumb\":{\"@id\":\"https:\/\/www.olade.org\/en\/noticias\/second-meeting-of-energy-vice-ministers-brasilia-consensus\/#breadcrumb\"},\"inLanguage\":\"en-US\",\"potentialAction\":[{\"@type\":\"ReadAction\",\"target\":[\"https:\/\/www.olade.org\/en\/noticias\/second-meeting-of-energy-vice-ministers-brasilia-consensus\/\"]}]},{\"@type\":\"ImageObject\",\"inLanguage\":\"en-US\",\"@id\":\"https:\/\/www.olade.org\/en\/noticias\/second-meeting-of-energy-vice-ministers-brasilia-consensus\/#primaryimage\",\"url\":\"https:\/\/www.olade.org\/wp-content\/uploads\/2024\/12\/Web-Development-Promotion-Facebook-Post-847-x-570-px.jpg\",\"contentUrl\":\"https:\/\/www.olade.org\/wp-content\/uploads\/2024\/12\/Web-Development-Promotion-Facebook-Post-847-x-570-px.jpg\",\"width\":847,\"height\":570},{\"@type\":\"BreadcrumbList\",\"@id\":\"https:\/\/www.olade.org\/en\/noticias\/second-meeting-of-energy-vice-ministers-brasilia-consensus\/#breadcrumb\",\"itemListElement\":[{\"@type\":\"ListItem\",\"position\":1,\"name\":\"Home\",\"item\":\"https:\/\/www.olade.org\/en\/\"},{\"@type\":\"ListItem\",\"position\":2,\"name\":\"Noticias\",\"item\":\"https:\/\/www.olade.org\/en\/noticias\/\"},{\"@type\":\"ListItem\",\"position\":3,\"name\":\"Second Meeting of Energy Vice Ministers &#8211; Brasilia Consensus\"}]},{\"@type\":\"WebSite\",\"@id\":\"https:\/\/www.olade.org\/en\/#website\",\"url\":\"https:\/\/www.olade.org\/en\/\",\"name\":\"OLADE\",\"description\":\"La Organizaci\u00f3n Latinoamericana y Caribe\u00f1a de Energ\u00eda\",\"publisher\":{\"@id\":\"https:\/\/www.olade.org\/en\/#organization\"},\"potentialAction\":[{\"@type\":\"SearchAction\",\"target\":{\"@type\":\"EntryPoint\",\"urlTemplate\":\"https:\/\/www.olade.org\/en\/?s={search_term_string}\"},\"query-input\":\"required name=search_term_string\"}],\"inLanguage\":\"en-US\"},{\"@type\":\"Organization\",\"@id\":\"https:\/\/www.olade.org\/en\/#organization\",\"name\":\"OLADE\",\"url\":\"https:\/\/www.olade.org\/en\/\",\"logo\":{\"@type\":\"ImageObject\",\"inLanguage\":\"en-US\",\"@id\":\"https:\/\/www.olade.org\/en\/#\/schema\/logo\/image\/\",\"url\":\"https:\/\/www.olade.org\/wp-content\/uploads\/2024\/03\/Logo-OLADE-WEB_Color.png\",\"contentUrl\":\"https:\/\/www.olade.org\/wp-content\/uploads\/2024\/03\/Logo-OLADE-WEB_Color.png\",\"width\":300,\"height\":132,\"caption\":\"OLADE\"},\"image\":{\"@id\":\"https:\/\/www.olade.org\/en\/#\/schema\/logo\/image\/\"},\"sameAs\":[\"https:\/\/www.facebook.com\/OLADEORG\",\"https:\/\/x.com\/OLADEORG\",\"https:\/\/www.youtube.com\/user\/oladeorg\",\"https:\/\/www.instagram.com\/oladealc\/\",\"https:\/\/www.linkedin.com\/company\/olade\/\"],\"description\":\"La Organizaci\u00f3n Latinoamericana de Energ\u00eda (OLADE) es un organismo de cooperaci\u00f3n, coordinaci\u00f3n y asesor\u00eda t\u00e9cnica, de car\u00e1cter p\u00fablico intergubernamental, constituido el 2 de noviembre de 1973 mediante la suscripci\u00f3n del Convenio de Lima, ratificado por 27 pa\u00edses de Am\u00e9rica Latina y El Caribe, con el objetivo fundamental de fomentar la integraci\u00f3n, conservaci\u00f3n, racional aprovechamiento, comercializaci\u00f3n y defensa de los recursos energ\u00e9ticos de la Regi\u00f3n.\",\"email\":\"info@olade.org\",\"telephone\":\"+59322598122\",\"legalName\":\"Organizaci\u00f3n Latinoamericana de Energ\u00eda\",\"foundingDate\":\"1973-11-02\",\"numberOfEmployees\":{\"@type\":\"QuantitativeValue\",\"minValue\":\"51\",\"maxValue\":\"200\"}}]}<\/script>\n<!-- \/ Yoast SEO Premium plugin. -->","yoast_head_json":{"title":"Second Meeting of Energy Vice Ministers - Brasilia Consensus - OLACDE","robots":{"index":"index","follow":"follow","max-snippet":"max-snippet:-1","max-image-preview":"max-image-preview:large","max-video-preview":"max-video-preview:-1"},"canonical":"https:\/\/www.olade.org\/en\/noticias\/second-meeting-of-energy-vice-ministers-brasilia-consensus\/","og_locale":"en_US","og_type":"article","og_title":"Second Meeting of Energy Vice Ministers - Brasilia Consensus","og_description":"Energy leaders and experts gathered at the Palace of San Carlos, Bogot\u00e1, as part of the \u201cBrasilia Consensus,\u201d an integration mechanism aimed at strengthening ties among South American countries.","og_url":"https:\/\/www.olade.org\/en\/noticias\/second-meeting-of-energy-vice-ministers-brasilia-consensus\/","og_site_name":"OLACDE","article_publisher":"https:\/\/www.facebook.com\/OLADEORG","article_modified_time":"2024-12-05T18:09:03+00:00","og_image":[{"width":847,"height":570,"url":"http:\/\/www.olade.org\/wp-content\/uploads\/2024\/12\/Web-Development-Promotion-Facebook-Post-847-x-570-px.jpg","type":"image\/jpeg"}],"twitter_card":"summary_large_image","twitter_site":"@OLADEORG","twitter_misc":{"Est. reading time":"3 minutes"},"schema":{"@context":"https:\/\/schema.org","@graph":[{"@type":"WebPage","@id":"https:\/\/www.olade.org\/en\/noticias\/second-meeting-of-energy-vice-ministers-brasilia-consensus\/","url":"https:\/\/www.olade.org\/en\/noticias\/second-meeting-of-energy-vice-ministers-brasilia-consensus\/","name":"Second Meeting of Energy Vice Ministers - Brasilia Consensus - OLACDE","isPartOf":{"@id":"https:\/\/www.olade.org\/en\/#website"},"primaryImageOfPage":{"@id":"https:\/\/www.olade.org\/en\/noticias\/second-meeting-of-energy-vice-ministers-brasilia-consensus\/#primaryimage"},"image":{"@id":"https:\/\/www.olade.org\/en\/noticias\/second-meeting-of-energy-vice-ministers-brasilia-consensus\/#primaryimage"},"thumbnailUrl":"https:\/\/www.olade.org\/wp-content\/uploads\/2024\/12\/Web-Development-Promotion-Facebook-Post-847-x-570-px.jpg","datePublished":"2024-12-05T18:04:30+00:00","dateModified":"2024-12-05T18:09:03+00:00","breadcrumb":{"@id":"https:\/\/www.olade.org\/en\/noticias\/second-meeting-of-energy-vice-ministers-brasilia-consensus\/#breadcrumb"},"inLanguage":"en-US","potentialAction":[{"@type":"ReadAction","target":["https:\/\/www.olade.org\/en\/noticias\/second-meeting-of-energy-vice-ministers-brasilia-consensus\/"]}]},{"@type":"ImageObject","inLanguage":"en-US","@id":"https:\/\/www.olade.org\/en\/noticias\/second-meeting-of-energy-vice-ministers-brasilia-consensus\/#primaryimage","url":"https:\/\/www.olade.org\/wp-content\/uploads\/2024\/12\/Web-Development-Promotion-Facebook-Post-847-x-570-px.jpg","contentUrl":"https:\/\/www.olade.org\/wp-content\/uploads\/2024\/12\/Web-Development-Promotion-Facebook-Post-847-x-570-px.jpg","width":847,"height":570},{"@type":"BreadcrumbList","@id":"https:\/\/www.olade.org\/en\/noticias\/second-meeting-of-energy-vice-ministers-brasilia-consensus\/#breadcrumb","itemListElement":[{"@type":"ListItem","position":1,"name":"Home","item":"https:\/\/www.olade.org\/en\/"},{"@type":"ListItem","position":2,"name":"Noticias","item":"https:\/\/www.olade.org\/en\/noticias\/"},{"@type":"ListItem","position":3,"name":"Second Meeting of Energy Vice Ministers &#8211; Brasilia Consensus"}]},{"@type":"WebSite","@id":"https:\/\/www.olade.org\/en\/#website","url":"https:\/\/www.olade.org\/en\/","name":"OLADE","description":"La Organizaci\u00f3n Latinoamericana y Caribe\u00f1a de Energ\u00eda","publisher":{"@id":"https:\/\/www.olade.org\/en\/#organization"},"potentialAction":[{"@type":"SearchAction","target":{"@type":"EntryPoint","urlTemplate":"https:\/\/www.olade.org\/en\/?s={search_term_string}"},"query-input":"required name=search_term_string"}],"inLanguage":"en-US"},{"@type":"Organization","@id":"https:\/\/www.olade.org\/en\/#organization","name":"OLADE","url":"https:\/\/www.olade.org\/en\/","logo":{"@type":"ImageObject","inLanguage":"en-US","@id":"https:\/\/www.olade.org\/en\/#\/schema\/logo\/image\/","url":"https:\/\/www.olade.org\/wp-content\/uploads\/2024\/03\/Logo-OLADE-WEB_Color.png","contentUrl":"https:\/\/www.olade.org\/wp-content\/uploads\/2024\/03\/Logo-OLADE-WEB_Color.png","width":300,"height":132,"caption":"OLADE"},"image":{"@id":"https:\/\/www.olade.org\/en\/#\/schema\/logo\/image\/"},"sameAs":["https:\/\/www.facebook.com\/OLADEORG","https:\/\/x.com\/OLADEORG","https:\/\/www.youtube.com\/user\/oladeorg","https:\/\/www.instagram.com\/oladealc\/","https:\/\/www.linkedin.com\/company\/olade\/"],"description":"La Organizaci\u00f3n Latinoamericana de Energ\u00eda (OLADE) es un organismo de cooperaci\u00f3n, coordinaci\u00f3n y asesor\u00eda t\u00e9cnica, de car\u00e1cter p\u00fablico intergubernamental, constituido el 2 de noviembre de 1973 mediante la suscripci\u00f3n del Convenio de Lima, ratificado por 27 pa\u00edses de Am\u00e9rica Latina y El Caribe, con el objetivo fundamental de fomentar la integraci\u00f3n, conservaci\u00f3n, racional aprovechamiento, comercializaci\u00f3n y defensa de los recursos energ\u00e9ticos de la Regi\u00f3n.","email":"info@olade.org","telephone":"+59322598122","legalName":"Organizaci\u00f3n Latinoamericana de Energ\u00eda","foundingDate":"1973-11-02","numberOfEmployees":{"@type":"QuantitativeValue","minValue":"51","maxValue":"200"}}]}},"_links":{"self":[{"href":"https:\/\/www.olade.org\/en\/wp-json\/wp\/v2\/noticias\/26062"}],"collection":[{"href":"https:\/\/www.olade.org\/en\/wp-json\/wp\/v2\/noticias"}],"about":[{"href":"https:\/\/www.olade.org\/en\/wp-json\/wp\/v2\/types\/noticias"}],"author":[{"embeddable":true,"href":"https:\/\/www.olade.org\/en\/wp-json\/wp\/v2\/users\/3"}],"version-history":[{"count":1,"href":"https:\/\/www.olade.org\/en\/wp-json\/wp\/v2\/noticias\/26062\/revisions"}],"predecessor-version":[{"id":26063,"href":"https:\/\/www.olade.org\/en\/wp-json\/wp\/v2\/noticias\/26062\/revisions\/26063"}],"wp:featuredmedia":[{"embeddable":true,"href":"https:\/\/www.olade.org\/en\/wp-json\/wp\/v2\/media\/26058"}],"wp:attachment":[{"href":"https:\/\/www.olade.org\/en\/wp-json\/wp\/v2\/media?parent=26062"}],"wp:term":[{"taxonomy":"category","embeddable":true,"href":"https:\/\/www.olade.org\/en\/wp-json\/wp\/v2\/categories?post=26062"},{"taxonomy":"post_tag","embeddable":true,"href":"https:\/\/www.olade.org\/en\/wp-json\/wp\/v2\/tags?post=26062"}],"curies":[{"name":"wp","href":"https:\/\/api.w.org\/{rel}","templated":true}]}}