{"id":24169,"date":"2024-08-22T18:30:21","date_gmt":"2024-08-22T23:30:21","guid":{"rendered":"https:\/\/www.olade.org\/noticias\/first-latin-american-methane-summit\/"},"modified":"2024-08-02T12:15:00","modified_gmt":"2024-08-02T17:15:00","slug":"first-latin-american-methane-summit","status":"publish","type":"noticias","link":"https:\/\/www.olade.org\/en\/noticias\/first-latin-american-methane-summit\/","title":{"rendered":"First Latin American Methane Summit"},"content":{"rendered":"<p>We are pleased to announce the <strong>First Regional Methane Summit of Latin America and the Caribbean 2024, which will take place on August 26th in Bogot\u00e1, Colombia.<\/strong><\/p>\n<p>This event, organized by The Latin American and Caribbean Energy Organization (OLACDE) alongside the Ministry of Mines and Energy of Colombia and supported by the Development Bank of Latin America and the Caribbean (CAF) and the Global Methane Hub (GMH), will feature the participation of senior energy officials from the region, international financing organizations, NGOs, representatives from academia, chambers, and companies in the oil and gas sector.<\/p>\n<p>The use of fossil fuels in various economic sectors is the largest source of greenhouse gas (GHG) emissions worldwide. Among these gases, methane (CH4) stands out for its high global warming potential, almost 30 times greater than that of carbon dioxide (CO2).<\/p>\n<p>In response to the threat posed by the impacts of climate change in the region, reducing methane emissions is a fundamental climate action strategy.<\/p>\n<p>During the event, the progress of OLACDE&#8217;s OEMLAC will be presented as a key tool for the region in the collection, analysis, and dissemination of data on methane emissions. Additionally, panels and conferences will be held focusing on methane inventories and reduction.<\/p>\n<p style=\"text-align: center;\">We invite all interested parties to participate in this crucial event for the energy and environmental future of our region.<\/p>\n<p>For registration and more information, please visit:<\/p>\n<p>https:\/\/www.OLACDE.org\/en\/cumbre\/<\/p>\n<p>Limited spaces.<\/p>\n<p><strong>Department of Communication and Institutional Relations \u2013 Mar\u00eda Josefa Corral<\/strong><\/p>\n","protected":false},"excerpt":{"rendered":"<p>We are pleased to announce the First Regional Methane Summit of Latin America and the Caribbean 2024, which will take place on August 26th in Bogot\u00e1, Colombia.<\/p>\n","protected":false},"author":3,"featured_media":24174,"menu_order":0,"template":"","meta":{"_acf_changed":false,"footnotes":""},"categories":[252,26],"tags":[309,308,310],"class_list":["post-24169","noticias","type-noticias","status-publish","has-post-thumbnail","hentry","category-news","category-uncategorized","tag-energy-transition","tag-latam-energy-transition-academy-2024","tag-latam-energy-transition-academy-2024-en"],"acf":[],"yoast_head":"<!-- This site is optimized with the Yoast SEO Premium plugin v23.0 (Yoast SEO v23.1) - https:\/\/yoast.com\/wordpress\/plugins\/seo\/ -->\n<title>First Regional Methane Summit of Latin America and the Caribbean<\/title>\n<meta name=\"description\" content=\"https:\/\/www.olade.org\/en\/cumbre\/\" \/>\n<meta name=\"robots\" content=\"index, follow, max-snippet:-1, max-image-preview:large, max-video-preview:-1\" \/>\n<link rel=\"canonical\" href=\"https:\/\/www.olade.org\/en\/noticias\/first-latin-american-methane-summit\/\" \/>\n<meta property=\"og:locale\" content=\"en_US\" \/>\n<meta property=\"og:type\" content=\"article\" \/>\n<meta property=\"og:title\" content=\"First Latin American Methane Summit\" \/>\n<meta property=\"og:description\" content=\"https:\/\/www.olade.org\/en\/cumbre\/\" \/>\n<meta property=\"og:url\" content=\"https:\/\/www.olade.org\/en\/noticias\/first-latin-american-methane-summit\/\" \/>\n<meta property=\"og:site_name\" content=\"OLACDE\" \/>\n<meta property=\"article:publisher\" content=\"https:\/\/www.facebook.com\/OLADEORG\" \/>\n<meta property=\"article:modified_time\" content=\"2024-08-02T17:15:00+00:00\" \/>\n<meta property=\"og:image\" content=\"http:\/\/www.olade.org\/wp-content\/uploads\/2024\/07\/Web-Banner-Cumbre-Metano-Eng_1-scaled.jpg\" \/>\n\t<meta property=\"og:image:width\" content=\"2560\" \/>\n\t<meta property=\"og:image:height\" content=\"1440\" \/>\n\t<meta property=\"og:image:type\" content=\"image\/jpeg\" \/>\n<meta name=\"twitter:card\" content=\"summary_large_image\" \/>\n<meta name=\"twitter:site\" content=\"@OLADEORG\" \/>\n<meta name=\"twitter:label1\" content=\"Est. reading time\" \/>\n\t<meta name=\"twitter:data1\" content=\"2 minutes\" \/>\n<script type=\"application\/ld+json\" class=\"yoast-schema-graph\">{\"@context\":\"https:\/\/schema.org\",\"@graph\":[{\"@type\":\"WebPage\",\"@id\":\"https:\/\/www.olade.org\/en\/noticias\/first-latin-american-methane-summit\/\",\"url\":\"https:\/\/www.olade.org\/en\/noticias\/first-latin-american-methane-summit\/\",\"name\":\"First Regional Methane Summit of Latin America and the Caribbean\",\"isPartOf\":{\"@id\":\"https:\/\/www.olade.org\/en\/#website\"},\"primaryImageOfPage\":{\"@id\":\"https:\/\/www.olade.org\/en\/noticias\/first-latin-american-methane-summit\/#primaryimage\"},\"image\":{\"@id\":\"https:\/\/www.olade.org\/en\/noticias\/first-latin-american-methane-summit\/#primaryimage\"},\"thumbnailUrl\":\"https:\/\/www.olade.org\/wp-content\/uploads\/2024\/07\/Web-Banner-Cumbre-Metano-Eng_1-scaled.jpg\",\"datePublished\":\"2024-08-22T23:30:21+00:00\",\"dateModified\":\"2024-08-02T17:15:00+00:00\",\"description\":\"https:\/\/www.olade.org\/en\/cumbre\/\",\"breadcrumb\":{\"@id\":\"https:\/\/www.olade.org\/en\/noticias\/first-latin-american-methane-summit\/#breadcrumb\"},\"inLanguage\":\"en-US\",\"potentialAction\":[{\"@type\":\"ReadAction\",\"target\":[\"https:\/\/www.olade.org\/en\/noticias\/first-latin-american-methane-summit\/\"]}]},{\"@type\":\"ImageObject\",\"inLanguage\":\"en-US\",\"@id\":\"https:\/\/www.olade.org\/en\/noticias\/first-latin-american-methane-summit\/#primaryimage\",\"url\":\"https:\/\/www.olade.org\/wp-content\/uploads\/2024\/07\/Web-Banner-Cumbre-Metano-Eng_1-scaled.jpg\",\"contentUrl\":\"https:\/\/www.olade.org\/wp-content\/uploads\/2024\/07\/Web-Banner-Cumbre-Metano-Eng_1-scaled.jpg\",\"width\":2560,\"height\":1440},{\"@type\":\"BreadcrumbList\",\"@id\":\"https:\/\/www.olade.org\/en\/noticias\/first-latin-american-methane-summit\/#breadcrumb\",\"itemListElement\":[{\"@type\":\"ListItem\",\"position\":1,\"name\":\"Home\",\"item\":\"https:\/\/www.olade.org\/en\/\"},{\"@type\":\"ListItem\",\"position\":2,\"name\":\"Noticias\",\"item\":\"https:\/\/www.olade.org\/en\/noticias\/\"},{\"@type\":\"ListItem\",\"position\":3,\"name\":\"First Latin American Methane Summit\"}]},{\"@type\":\"WebSite\",\"@id\":\"https:\/\/www.olade.org\/en\/#website\",\"url\":\"https:\/\/www.olade.org\/en\/\",\"name\":\"OLADE\",\"description\":\"La Organizaci\u00f3n Latinoamericana y Caribe\u00f1a de Energ\u00eda\",\"publisher\":{\"@id\":\"https:\/\/www.olade.org\/en\/#organization\"},\"potentialAction\":[{\"@type\":\"SearchAction\",\"target\":{\"@type\":\"EntryPoint\",\"urlTemplate\":\"https:\/\/www.olade.org\/en\/?s={search_term_string}\"},\"query-input\":\"required name=search_term_string\"}],\"inLanguage\":\"en-US\"},{\"@type\":\"Organization\",\"@id\":\"https:\/\/www.olade.org\/en\/#organization\",\"name\":\"OLADE\",\"url\":\"https:\/\/www.olade.org\/en\/\",\"logo\":{\"@type\":\"ImageObject\",\"inLanguage\":\"en-US\",\"@id\":\"https:\/\/www.olade.org\/en\/#\/schema\/logo\/image\/\",\"url\":\"https:\/\/www.olade.org\/wp-content\/uploads\/2024\/03\/Logo-OLADE-WEB_Color.png\",\"contentUrl\":\"https:\/\/www.olade.org\/wp-content\/uploads\/2024\/03\/Logo-OLADE-WEB_Color.png\",\"width\":300,\"height\":132,\"caption\":\"OLADE\"},\"image\":{\"@id\":\"https:\/\/www.olade.org\/en\/#\/schema\/logo\/image\/\"},\"sameAs\":[\"https:\/\/www.facebook.com\/OLADEORG\",\"https:\/\/x.com\/OLADEORG\",\"https:\/\/www.youtube.com\/user\/oladeorg\",\"https:\/\/www.instagram.com\/oladealc\/\",\"https:\/\/www.linkedin.com\/company\/olade\/\"],\"description\":\"La Organizaci\u00f3n Latinoamericana de Energ\u00eda (OLADE) es un organismo de cooperaci\u00f3n, coordinaci\u00f3n y asesor\u00eda t\u00e9cnica, de car\u00e1cter p\u00fablico intergubernamental, constituido el 2 de noviembre de 1973 mediante la suscripci\u00f3n del Convenio de Lima, ratificado por 27 pa\u00edses de Am\u00e9rica Latina y El Caribe, con el objetivo fundamental de fomentar la integraci\u00f3n, conservaci\u00f3n, racional aprovechamiento, comercializaci\u00f3n y defensa de los recursos energ\u00e9ticos de la Regi\u00f3n.\",\"email\":\"info@olade.org\",\"telephone\":\"+59322598122\",\"legalName\":\"Organizaci\u00f3n Latinoamericana de Energ\u00eda\",\"foundingDate\":\"1973-11-02\",\"numberOfEmployees\":{\"@type\":\"QuantitativeValue\",\"minValue\":\"51\",\"maxValue\":\"200\"}}]}<\/script>\n<!-- \/ Yoast SEO Premium plugin. -->","yoast_head_json":{"title":"First Regional Methane Summit of Latin America and the Caribbean","description":"https:\/\/www.olade.org\/en\/cumbre\/","robots":{"index":"index","follow":"follow","max-snippet":"max-snippet:-1","max-image-preview":"max-image-preview:large","max-video-preview":"max-video-preview:-1"},"canonical":"https:\/\/www.olade.org\/en\/noticias\/first-latin-american-methane-summit\/","og_locale":"en_US","og_type":"article","og_title":"First Latin American Methane Summit","og_description":"https:\/\/www.olade.org\/en\/cumbre\/","og_url":"https:\/\/www.olade.org\/en\/noticias\/first-latin-american-methane-summit\/","og_site_name":"OLACDE","article_publisher":"https:\/\/www.facebook.com\/OLADEORG","article_modified_time":"2024-08-02T17:15:00+00:00","og_image":[{"width":2560,"height":1440,"url":"http:\/\/www.olade.org\/wp-content\/uploads\/2024\/07\/Web-Banner-Cumbre-Metano-Eng_1-scaled.jpg","type":"image\/jpeg"}],"twitter_card":"summary_large_image","twitter_site":"@OLADEORG","twitter_misc":{"Est. reading time":"2 minutes"},"schema":{"@context":"https:\/\/schema.org","@graph":[{"@type":"WebPage","@id":"https:\/\/www.olade.org\/en\/noticias\/first-latin-american-methane-summit\/","url":"https:\/\/www.olade.org\/en\/noticias\/first-latin-american-methane-summit\/","name":"First Regional Methane Summit of Latin America and the Caribbean","isPartOf":{"@id":"https:\/\/www.olade.org\/en\/#website"},"primaryImageOfPage":{"@id":"https:\/\/www.olade.org\/en\/noticias\/first-latin-american-methane-summit\/#primaryimage"},"image":{"@id":"https:\/\/www.olade.org\/en\/noticias\/first-latin-american-methane-summit\/#primaryimage"},"thumbnailUrl":"https:\/\/www.olade.org\/wp-content\/uploads\/2024\/07\/Web-Banner-Cumbre-Metano-Eng_1-scaled.jpg","datePublished":"2024-08-22T23:30:21+00:00","dateModified":"2024-08-02T17:15:00+00:00","description":"https:\/\/www.olade.org\/en\/cumbre\/","breadcrumb":{"@id":"https:\/\/www.olade.org\/en\/noticias\/first-latin-american-methane-summit\/#breadcrumb"},"inLanguage":"en-US","potentialAction":[{"@type":"ReadAction","target":["https:\/\/www.olade.org\/en\/noticias\/first-latin-american-methane-summit\/"]}]},{"@type":"ImageObject","inLanguage":"en-US","@id":"https:\/\/www.olade.org\/en\/noticias\/first-latin-american-methane-summit\/#primaryimage","url":"https:\/\/www.olade.org\/wp-content\/uploads\/2024\/07\/Web-Banner-Cumbre-Metano-Eng_1-scaled.jpg","contentUrl":"https:\/\/www.olade.org\/wp-content\/uploads\/2024\/07\/Web-Banner-Cumbre-Metano-Eng_1-scaled.jpg","width":2560,"height":1440},{"@type":"BreadcrumbList","@id":"https:\/\/www.olade.org\/en\/noticias\/first-latin-american-methane-summit\/#breadcrumb","itemListElement":[{"@type":"ListItem","position":1,"name":"Home","item":"https:\/\/www.olade.org\/en\/"},{"@type":"ListItem","position":2,"name":"Noticias","item":"https:\/\/www.olade.org\/en\/noticias\/"},{"@type":"ListItem","position":3,"name":"First Latin American Methane Summit"}]},{"@type":"WebSite","@id":"https:\/\/www.olade.org\/en\/#website","url":"https:\/\/www.olade.org\/en\/","name":"OLADE","description":"La Organizaci\u00f3n Latinoamericana y Caribe\u00f1a de Energ\u00eda","publisher":{"@id":"https:\/\/www.olade.org\/en\/#organization"},"potentialAction":[{"@type":"SearchAction","target":{"@type":"EntryPoint","urlTemplate":"https:\/\/www.olade.org\/en\/?s={search_term_string}"},"query-input":"required name=search_term_string"}],"inLanguage":"en-US"},{"@type":"Organization","@id":"https:\/\/www.olade.org\/en\/#organization","name":"OLADE","url":"https:\/\/www.olade.org\/en\/","logo":{"@type":"ImageObject","inLanguage":"en-US","@id":"https:\/\/www.olade.org\/en\/#\/schema\/logo\/image\/","url":"https:\/\/www.olade.org\/wp-content\/uploads\/2024\/03\/Logo-OLADE-WEB_Color.png","contentUrl":"https:\/\/www.olade.org\/wp-content\/uploads\/2024\/03\/Logo-OLADE-WEB_Color.png","width":300,"height":132,"caption":"OLADE"},"image":{"@id":"https:\/\/www.olade.org\/en\/#\/schema\/logo\/image\/"},"sameAs":["https:\/\/www.facebook.com\/OLADEORG","https:\/\/x.com\/OLADEORG","https:\/\/www.youtube.com\/user\/oladeorg","https:\/\/www.instagram.com\/oladealc\/","https:\/\/www.linkedin.com\/company\/olade\/"],"description":"La Organizaci\u00f3n Latinoamericana de Energ\u00eda (OLADE) es un organismo de cooperaci\u00f3n, coordinaci\u00f3n y asesor\u00eda t\u00e9cnica, de car\u00e1cter p\u00fablico intergubernamental, constituido el 2 de noviembre de 1973 mediante la suscripci\u00f3n del Convenio de Lima, ratificado por 27 pa\u00edses de Am\u00e9rica Latina y El Caribe, con el objetivo fundamental de fomentar la integraci\u00f3n, conservaci\u00f3n, racional aprovechamiento, comercializaci\u00f3n y defensa de los recursos energ\u00e9ticos de la Regi\u00f3n.","email":"info@olade.org","telephone":"+59322598122","legalName":"Organizaci\u00f3n Latinoamericana de Energ\u00eda","foundingDate":"1973-11-02","numberOfEmployees":{"@type":"QuantitativeValue","minValue":"51","maxValue":"200"}}]}},"_links":{"self":[{"href":"https:\/\/www.olade.org\/en\/wp-json\/wp\/v2\/noticias\/24169"}],"collection":[{"href":"https:\/\/www.olade.org\/en\/wp-json\/wp\/v2\/noticias"}],"about":[{"href":"https:\/\/www.olade.org\/en\/wp-json\/wp\/v2\/types\/noticias"}],"author":[{"embeddable":true,"href":"https:\/\/www.olade.org\/en\/wp-json\/wp\/v2\/users\/3"}],"version-history":[{"count":4,"href":"https:\/\/www.olade.org\/en\/wp-json\/wp\/v2\/noticias\/24169\/revisions"}],"predecessor-version":[{"id":24751,"href":"https:\/\/www.olade.org\/en\/wp-json\/wp\/v2\/noticias\/24169\/revisions\/24751"}],"wp:featuredmedia":[{"embeddable":true,"href":"https:\/\/www.olade.org\/en\/wp-json\/wp\/v2\/media\/24174"}],"wp:attachment":[{"href":"https:\/\/www.olade.org\/en\/wp-json\/wp\/v2\/media?parent=24169"}],"wp:term":[{"taxonomy":"category","embeddable":true,"href":"https:\/\/www.olade.org\/en\/wp-json\/wp\/v2\/categories?post=24169"},{"taxonomy":"post_tag","embeddable":true,"href":"https:\/\/www.olade.org\/en\/wp-json\/wp\/v2\/tags?post=24169"}],"curies":[{"name":"wp","href":"https:\/\/api.w.org\/{rel}","templated":true}]}}