{"id":23996,"date":"2024-07-31T08:33:08","date_gmt":"2024-07-31T13:33:08","guid":{"rendered":"https:\/\/www.olade.org\/noticias\/latam-energy-transition-academy-2024-training-future-sustainable-leaders-is-key-to-sustainable-energy-development\/"},"modified":"2024-08-07T09:05:48","modified_gmt":"2024-08-07T14:05:48","slug":"latam-energy-transition-academy-2024-training-future-sustainable-leaders-is-key-to-sustainable-energy-development","status":"publish","type":"noticias","link":"https:\/\/www.olade.org\/en\/noticias\/latam-energy-transition-academy-2024-training-future-sustainable-leaders-is-key-to-sustainable-energy-development\/","title":{"rendered":"LATAM Energy Transition Academy 2024: Training future sustainable leaders is key to sustainable energy development."},"content":{"rendered":"<p style=\"text-align: center;\">The LATAM Energy Transition Academy 2024 opens its virtual doors to train future leaders from Latin America and the Caribbean in the fight for equitable and sustainable energy development.<\/p>\n<p>The Latin America and the Caribbean Energy Transition Academy (ATE LATAM) will conduct its virtual training program from September 26 to November 14, 2024. The Institute of International Studies of the University of Chile (IEI) will award a certificate of participation.<\/p>\n<p>This initiative is organized by the NGO Uno.Cinco, the IEI, and The Latin American and Caribbean Energy Organization (OLACDE).<\/p>\n<p>The event will feature prominent figures and authorities from the energy sector in Latin America, as well as representatives of international organizations related to the sector. ATE LATAM invites young professionals from across the region and civil society to be part of this free program, focused on developing technical and theoretical capacities on energy transition.<\/p>\n<p>The Academy, aimed at preparing future leaders of Latin America and the Caribbean in sustainable energy and climate action, will offer an intensive program of 8 sessions. Topics to be addressed include: i) energy literacy, ii) just transition, iii) energy efficiency, and iv) the role of critical minerals in the energy transition.<\/p>\n<p>Additionally, the courses will be globally accessible thanks to their virtual format and will feature simultaneous translation in Spanish, Portuguese, and English.<\/p>\n<p>This project aims to prepare participants for the process of updating the Nationally Determined Contributions (NDCs) of the countries in the region, in anticipation of COP30, which will be held in Brazil in 2025.<\/p>\n<p><strong>Information and registration:<\/strong><\/p>\n<p>paz@unopuntocinco.net<\/p>\n<p><a href=\"https:\/\/capevlac.OLACDE.org\/\" target=\"_new\" rel=\"noopener\">https:\/\/capevlac.OLACDE.org\/<\/a><\/p>\n<p><strong>ATE LATAM registration form:<\/strong><\/p>\n<p><a href=\"https:\/\/capevlac.OLACDE.org\/formulario-inscripcion-ate-2024\/\" target=\"_new\" rel=\"noopener\">https:\/\/capevlac.OLACDE.org\/formulario-inscripcion-ate-2024\/<\/a><\/p>\n<p><strong>ATE Magazine<\/strong><\/p>\n<p><a href=\"http:\/\/www.OLACDE.org\/wp-content\/uploads\/2024\/08\/EN_Revista-Academia-Transicion-Energetica-Latinoamerica-y-el-Caribe-Folleto-diptico-297-x-210-mm.pdf\">http:\/\/www.OLACDE.org\/wp-content\/uploads\/2024\/08\/EN_Revista-Academia-Transicion-Energetica-Latinoamerica-y-el-Caribe-Folleto-diptico-297-x-210-mm.pdf<\/a><\/p>\n<p><a href=\"http:\/\/www.OLACDE.org\/wp-content\/uploads\/2024\/08\/ES_Revista-Academia-Transicion-Energetica-Latinoamerica-y-el-Caribe-Folleto-diptico-297-x-210-mm-1.pdf\">http:\/\/www.OLACDE.org\/wp-content\/uploads\/2024\/08\/ES_Revista-Academia-Transicion-Energetica-Latinoamerica-y-el-Caribe-Folleto-diptico-297-x-210-mm-1.pdf<\/a><\/p>\n<p><a href=\"http:\/\/www.OLACDE.org\/wp-content\/uploads\/2024\/08\/PT_Revista-Academia-Transicion-Energetica-Latinoamerica-y-el-Caribe-Folleto-diptico-297-x-210-mm.pdf\">http:\/\/www.OLACDE.org\/wp-content\/uploads\/2024\/08\/PT_Revista-Academia-Transicion-Energetica-Latinoamerica-y-el-Caribe-Folleto-diptico-297-x-210-mm.pdf<\/a><\/p>\n<p><strong><span class=\"mord mathnormal\">De<\/span><span class=\"mord mathnormal\">p<\/span><span class=\"mord mathnormal\">a<\/span><span class=\"mord mathnormal\">r<\/span><span class=\"mord mathnormal\">t<\/span><span class=\"mord mathnormal\">m<\/span><span class=\"mord mathnormal\">e<\/span><span class=\"mord mathnormal\">n<\/span><span class=\"mord mathnormal\">t <\/span><span class=\"mord mathnormal\">o<\/span><span class=\"mord mathnormal\">f <\/span><span class=\"mord mathnormal\">C<\/span><span class=\"mord mathnormal\">o<\/span><span class=\"mord mathnormal\">mm<\/span><span class=\"mord mathnormal\">u<\/span><span class=\"mord mathnormal\">ni<\/span><span class=\"mord mathnormal\">c<\/span><span class=\"mord mathnormal\">a<\/span><span class=\"mord mathnormal\">t<\/span><span class=\"mord mathnormal\">i<\/span><span class=\"mord mathnormal\">o<\/span><span class=\"mord mathnormal\">n an<\/span><span class=\"mord mathnormal\">d <\/span><span class=\"mord mathnormal\">I<\/span><span class=\"mord mathnormal\">n<\/span><span class=\"mord mathnormal\">s<\/span><span class=\"mord mathnormal\">t<\/span><span class=\"mord mathnormal\">i<\/span><span class=\"mord mathnormal\">t<\/span><span class=\"mord mathnormal\">u<\/span><span class=\"mord mathnormal\">t<\/span><span class=\"mord mathnormal\">i<\/span><span class=\"mord mathnormal\">o<\/span><span class=\"mord mathnormal\">na<\/span><span class=\"mord mathnormal\">l R<\/span><span class=\"mord mathnormal\">e<\/span><span class=\"mord mathnormal\">l<\/span><span class=\"mord mathnormal\">a<\/span><span class=\"mord mathnormal\">t<\/span><span class=\"mord mathnormal\">i<\/span><span class=\"mord mathnormal\">o<\/span><span class=\"mord mathnormal\">n<\/span><span class=\"mord mathnormal\">s <\/span><span class=\"mord\">\u2013 <\/span><span class=\"mord mathnormal\">M<\/span><span class=\"mord mathnormal\">a<\/span><span class=\"mord mathnormal\">r<\/span><span class=\"mord accent\"><span class=\"vlist-t\"><span class=\"vlist-r\"><span class=\"vlist\"><span class=\"mord latin_fallback\">\u0131<\/span><\/span><\/span><\/span><\/span><span class=\"mord mathnormal\">a <\/span><span class=\"mord mathnormal\">J<\/span><span class=\"mord mathnormal\">ose<\/span><span class=\"mord mathnormal\">f<\/span><span class=\"mord mathnormal\">a <\/span><span class=\"mord mathnormal\">C<\/span><span class=\"mord mathnormal\">orr<\/span><span class=\"mord mathnormal\">a<\/span><span class=\"mord mathnormal\">l\u00a0<\/span><\/strong><\/p>\n","protected":false},"excerpt":{"rendered":"<p>The LATAM Energy Transition Academy 2024 opens its virtual doors to train future leaders from Latin America and the Caribbean in the fight for equitable and sustainable energy development.<\/p>\n","protected":false},"author":3,"featured_media":24746,"menu_order":0,"template":"","meta":{"_acf_changed":false,"footnotes":""},"categories":[252,26],"tags":[309,310],"class_list":["post-23996","noticias","type-noticias","status-publish","has-post-thumbnail","hentry","category-news","category-uncategorized","tag-energy-transition","tag-latam-energy-transition-academy-2024-en"],"acf":[],"yoast_head":"<!-- This site is optimized with the Yoast SEO Premium plugin v23.0 (Yoast SEO v23.1) - https:\/\/yoast.com\/wordpress\/plugins\/seo\/ -->\n<title>LATAM Energy Transition Academy 2024<\/title>\n<meta name=\"description\" content=\"The LATAM Energy Transition Academy 2024 opens its virtual doors to train future leaders from Latin America and the Caribbean in the fight for equitable and sustainable energy development.\" \/>\n<meta name=\"robots\" content=\"index, follow, max-snippet:-1, max-image-preview:large, max-video-preview:-1\" \/>\n<link rel=\"canonical\" href=\"https:\/\/www.olade.org\/en\/noticias\/latam-energy-transition-academy-2024-training-future-sustainable-leaders-is-key-to-sustainable-energy-development\/\" \/>\n<meta property=\"og:locale\" content=\"en_US\" \/>\n<meta property=\"og:type\" content=\"article\" \/>\n<meta property=\"og:title\" content=\"LATAM Energy Transition Academy 2024: Training future sustainable leaders is key to sustainable energy development.\" \/>\n<meta property=\"og:description\" content=\"The LATAM Energy Transition Academy 2024 opens its virtual doors to train future leaders from Latin America and the Caribbean in the fight for equitable and sustainable energy development.\" \/>\n<meta property=\"og:url\" content=\"https:\/\/www.olade.org\/en\/noticias\/latam-energy-transition-academy-2024-training-future-sustainable-leaders-is-key-to-sustainable-energy-development\/\" \/>\n<meta property=\"og:site_name\" content=\"OLACDE\" \/>\n<meta property=\"article:publisher\" content=\"https:\/\/www.facebook.com\/OLADEORG\" \/>\n<meta property=\"article:modified_time\" content=\"2024-08-07T14:05:48+00:00\" \/>\n<meta property=\"og:image\" content=\"http:\/\/www.olade.org\/wp-content\/uploads\/2024\/07\/Web-Banner-Academia-Transiciones-Eng_1-1-scaled.jpg\" \/>\n\t<meta property=\"og:image:width\" content=\"2560\" \/>\n\t<meta property=\"og:image:height\" content=\"1441\" \/>\n\t<meta property=\"og:image:type\" content=\"image\/jpeg\" \/>\n<meta name=\"twitter:card\" content=\"summary_large_image\" \/>\n<meta name=\"twitter:site\" content=\"@OLADEORG\" \/>\n<meta name=\"twitter:label1\" content=\"Est. reading time\" \/>\n\t<meta name=\"twitter:data1\" content=\"2 minutes\" \/>\n<script type=\"application\/ld+json\" class=\"yoast-schema-graph\">{\"@context\":\"https:\/\/schema.org\",\"@graph\":[{\"@type\":\"WebPage\",\"@id\":\"https:\/\/www.olade.org\/en\/noticias\/latam-energy-transition-academy-2024-training-future-sustainable-leaders-is-key-to-sustainable-energy-development\/\",\"url\":\"https:\/\/www.olade.org\/en\/noticias\/latam-energy-transition-academy-2024-training-future-sustainable-leaders-is-key-to-sustainable-energy-development\/\",\"name\":\"LATAM Energy Transition Academy 2024\",\"isPartOf\":{\"@id\":\"https:\/\/www.olade.org\/en\/#website\"},\"primaryImageOfPage\":{\"@id\":\"https:\/\/www.olade.org\/en\/noticias\/latam-energy-transition-academy-2024-training-future-sustainable-leaders-is-key-to-sustainable-energy-development\/#primaryimage\"},\"image\":{\"@id\":\"https:\/\/www.olade.org\/en\/noticias\/latam-energy-transition-academy-2024-training-future-sustainable-leaders-is-key-to-sustainable-energy-development\/#primaryimage\"},\"thumbnailUrl\":\"https:\/\/www.olade.org\/wp-content\/uploads\/2024\/07\/Web-Banner-Academia-Transiciones-Eng_1-1-scaled.jpg\",\"datePublished\":\"2024-07-31T13:33:08+00:00\",\"dateModified\":\"2024-08-07T14:05:48+00:00\",\"description\":\"The LATAM Energy Transition Academy 2024 opens its virtual doors to train future leaders from Latin America and the Caribbean in the fight for equitable and sustainable energy development.\",\"breadcrumb\":{\"@id\":\"https:\/\/www.olade.org\/en\/noticias\/latam-energy-transition-academy-2024-training-future-sustainable-leaders-is-key-to-sustainable-energy-development\/#breadcrumb\"},\"inLanguage\":\"en-US\",\"potentialAction\":[{\"@type\":\"ReadAction\",\"target\":[\"https:\/\/www.olade.org\/en\/noticias\/latam-energy-transition-academy-2024-training-future-sustainable-leaders-is-key-to-sustainable-energy-development\/\"]}]},{\"@type\":\"ImageObject\",\"inLanguage\":\"en-US\",\"@id\":\"https:\/\/www.olade.org\/en\/noticias\/latam-energy-transition-academy-2024-training-future-sustainable-leaders-is-key-to-sustainable-energy-development\/#primaryimage\",\"url\":\"https:\/\/www.olade.org\/wp-content\/uploads\/2024\/07\/Web-Banner-Academia-Transiciones-Eng_1-1-scaled.jpg\",\"contentUrl\":\"https:\/\/www.olade.org\/wp-content\/uploads\/2024\/07\/Web-Banner-Academia-Transiciones-Eng_1-1-scaled.jpg\",\"width\":2560,\"height\":1441},{\"@type\":\"BreadcrumbList\",\"@id\":\"https:\/\/www.olade.org\/en\/noticias\/latam-energy-transition-academy-2024-training-future-sustainable-leaders-is-key-to-sustainable-energy-development\/#breadcrumb\",\"itemListElement\":[{\"@type\":\"ListItem\",\"position\":1,\"name\":\"Home\",\"item\":\"https:\/\/www.olade.org\/en\/\"},{\"@type\":\"ListItem\",\"position\":2,\"name\":\"Noticias\",\"item\":\"https:\/\/www.olade.org\/en\/noticias\/\"},{\"@type\":\"ListItem\",\"position\":3,\"name\":\"LATAM Energy Transition Academy 2024: Training future sustainable leaders is key to sustainable energy development.\"}]},{\"@type\":\"WebSite\",\"@id\":\"https:\/\/www.olade.org\/en\/#website\",\"url\":\"https:\/\/www.olade.org\/en\/\",\"name\":\"OLADE\",\"description\":\"La Organizaci\u00f3n Latinoamericana y Caribe\u00f1a de Energ\u00eda\",\"publisher\":{\"@id\":\"https:\/\/www.olade.org\/en\/#organization\"},\"potentialAction\":[{\"@type\":\"SearchAction\",\"target\":{\"@type\":\"EntryPoint\",\"urlTemplate\":\"https:\/\/www.olade.org\/en\/?s={search_term_string}\"},\"query-input\":\"required name=search_term_string\"}],\"inLanguage\":\"en-US\"},{\"@type\":\"Organization\",\"@id\":\"https:\/\/www.olade.org\/en\/#organization\",\"name\":\"OLADE\",\"url\":\"https:\/\/www.olade.org\/en\/\",\"logo\":{\"@type\":\"ImageObject\",\"inLanguage\":\"en-US\",\"@id\":\"https:\/\/www.olade.org\/en\/#\/schema\/logo\/image\/\",\"url\":\"https:\/\/www.olade.org\/wp-content\/uploads\/2024\/03\/Logo-OLADE-WEB_Color.png\",\"contentUrl\":\"https:\/\/www.olade.org\/wp-content\/uploads\/2024\/03\/Logo-OLADE-WEB_Color.png\",\"width\":300,\"height\":132,\"caption\":\"OLADE\"},\"image\":{\"@id\":\"https:\/\/www.olade.org\/en\/#\/schema\/logo\/image\/\"},\"sameAs\":[\"https:\/\/www.facebook.com\/OLADEORG\",\"https:\/\/x.com\/OLADEORG\",\"https:\/\/www.youtube.com\/user\/oladeorg\",\"https:\/\/www.instagram.com\/oladealc\/\",\"https:\/\/www.linkedin.com\/company\/olade\/\"],\"description\":\"La Organizaci\u00f3n Latinoamericana de Energ\u00eda (OLADE) es un organismo de cooperaci\u00f3n, coordinaci\u00f3n y asesor\u00eda t\u00e9cnica, de car\u00e1cter p\u00fablico intergubernamental, constituido el 2 de noviembre de 1973 mediante la suscripci\u00f3n del Convenio de Lima, ratificado por 27 pa\u00edses de Am\u00e9rica Latina y El Caribe, con el objetivo fundamental de fomentar la integraci\u00f3n, conservaci\u00f3n, racional aprovechamiento, comercializaci\u00f3n y defensa de los recursos energ\u00e9ticos de la Regi\u00f3n.\",\"email\":\"info@olade.org\",\"telephone\":\"+59322598122\",\"legalName\":\"Organizaci\u00f3n Latinoamericana de Energ\u00eda\",\"foundingDate\":\"1973-11-02\",\"numberOfEmployees\":{\"@type\":\"QuantitativeValue\",\"minValue\":\"51\",\"maxValue\":\"200\"}}]}<\/script>\n<!-- \/ Yoast SEO Premium plugin. -->","yoast_head_json":{"title":"LATAM Energy Transition Academy 2024","description":"The LATAM Energy Transition Academy 2024 opens its virtual doors to train future leaders from Latin America and the Caribbean in the fight for equitable and sustainable energy development.","robots":{"index":"index","follow":"follow","max-snippet":"max-snippet:-1","max-image-preview":"max-image-preview:large","max-video-preview":"max-video-preview:-1"},"canonical":"https:\/\/www.olade.org\/en\/noticias\/latam-energy-transition-academy-2024-training-future-sustainable-leaders-is-key-to-sustainable-energy-development\/","og_locale":"en_US","og_type":"article","og_title":"LATAM Energy Transition Academy 2024: Training future sustainable leaders is key to sustainable energy development.","og_description":"The LATAM Energy Transition Academy 2024 opens its virtual doors to train future leaders from Latin America and the Caribbean in the fight for equitable and sustainable energy development.","og_url":"https:\/\/www.olade.org\/en\/noticias\/latam-energy-transition-academy-2024-training-future-sustainable-leaders-is-key-to-sustainable-energy-development\/","og_site_name":"OLACDE","article_publisher":"https:\/\/www.facebook.com\/OLADEORG","article_modified_time":"2024-08-07T14:05:48+00:00","og_image":[{"width":2560,"height":1441,"url":"http:\/\/www.olade.org\/wp-content\/uploads\/2024\/07\/Web-Banner-Academia-Transiciones-Eng_1-1-scaled.jpg","type":"image\/jpeg"}],"twitter_card":"summary_large_image","twitter_site":"@OLADEORG","twitter_misc":{"Est. reading time":"2 minutes"},"schema":{"@context":"https:\/\/schema.org","@graph":[{"@type":"WebPage","@id":"https:\/\/www.olade.org\/en\/noticias\/latam-energy-transition-academy-2024-training-future-sustainable-leaders-is-key-to-sustainable-energy-development\/","url":"https:\/\/www.olade.org\/en\/noticias\/latam-energy-transition-academy-2024-training-future-sustainable-leaders-is-key-to-sustainable-energy-development\/","name":"LATAM Energy Transition Academy 2024","isPartOf":{"@id":"https:\/\/www.olade.org\/en\/#website"},"primaryImageOfPage":{"@id":"https:\/\/www.olade.org\/en\/noticias\/latam-energy-transition-academy-2024-training-future-sustainable-leaders-is-key-to-sustainable-energy-development\/#primaryimage"},"image":{"@id":"https:\/\/www.olade.org\/en\/noticias\/latam-energy-transition-academy-2024-training-future-sustainable-leaders-is-key-to-sustainable-energy-development\/#primaryimage"},"thumbnailUrl":"https:\/\/www.olade.org\/wp-content\/uploads\/2024\/07\/Web-Banner-Academia-Transiciones-Eng_1-1-scaled.jpg","datePublished":"2024-07-31T13:33:08+00:00","dateModified":"2024-08-07T14:05:48+00:00","description":"The LATAM Energy Transition Academy 2024 opens its virtual doors to train future leaders from Latin America and the Caribbean in the fight for equitable and sustainable energy development.","breadcrumb":{"@id":"https:\/\/www.olade.org\/en\/noticias\/latam-energy-transition-academy-2024-training-future-sustainable-leaders-is-key-to-sustainable-energy-development\/#breadcrumb"},"inLanguage":"en-US","potentialAction":[{"@type":"ReadAction","target":["https:\/\/www.olade.org\/en\/noticias\/latam-energy-transition-academy-2024-training-future-sustainable-leaders-is-key-to-sustainable-energy-development\/"]}]},{"@type":"ImageObject","inLanguage":"en-US","@id":"https:\/\/www.olade.org\/en\/noticias\/latam-energy-transition-academy-2024-training-future-sustainable-leaders-is-key-to-sustainable-energy-development\/#primaryimage","url":"https:\/\/www.olade.org\/wp-content\/uploads\/2024\/07\/Web-Banner-Academia-Transiciones-Eng_1-1-scaled.jpg","contentUrl":"https:\/\/www.olade.org\/wp-content\/uploads\/2024\/07\/Web-Banner-Academia-Transiciones-Eng_1-1-scaled.jpg","width":2560,"height":1441},{"@type":"BreadcrumbList","@id":"https:\/\/www.olade.org\/en\/noticias\/latam-energy-transition-academy-2024-training-future-sustainable-leaders-is-key-to-sustainable-energy-development\/#breadcrumb","itemListElement":[{"@type":"ListItem","position":1,"name":"Home","item":"https:\/\/www.olade.org\/en\/"},{"@type":"ListItem","position":2,"name":"Noticias","item":"https:\/\/www.olade.org\/en\/noticias\/"},{"@type":"ListItem","position":3,"name":"LATAM Energy Transition Academy 2024: Training future sustainable leaders is key to sustainable energy development."}]},{"@type":"WebSite","@id":"https:\/\/www.olade.org\/en\/#website","url":"https:\/\/www.olade.org\/en\/","name":"OLADE","description":"La Organizaci\u00f3n Latinoamericana y Caribe\u00f1a de Energ\u00eda","publisher":{"@id":"https:\/\/www.olade.org\/en\/#organization"},"potentialAction":[{"@type":"SearchAction","target":{"@type":"EntryPoint","urlTemplate":"https:\/\/www.olade.org\/en\/?s={search_term_string}"},"query-input":"required name=search_term_string"}],"inLanguage":"en-US"},{"@type":"Organization","@id":"https:\/\/www.olade.org\/en\/#organization","name":"OLADE","url":"https:\/\/www.olade.org\/en\/","logo":{"@type":"ImageObject","inLanguage":"en-US","@id":"https:\/\/www.olade.org\/en\/#\/schema\/logo\/image\/","url":"https:\/\/www.olade.org\/wp-content\/uploads\/2024\/03\/Logo-OLADE-WEB_Color.png","contentUrl":"https:\/\/www.olade.org\/wp-content\/uploads\/2024\/03\/Logo-OLADE-WEB_Color.png","width":300,"height":132,"caption":"OLADE"},"image":{"@id":"https:\/\/www.olade.org\/en\/#\/schema\/logo\/image\/"},"sameAs":["https:\/\/www.facebook.com\/OLADEORG","https:\/\/x.com\/OLADEORG","https:\/\/www.youtube.com\/user\/oladeorg","https:\/\/www.instagram.com\/oladealc\/","https:\/\/www.linkedin.com\/company\/olade\/"],"description":"La Organizaci\u00f3n Latinoamericana de Energ\u00eda (OLADE) es un organismo de cooperaci\u00f3n, coordinaci\u00f3n y asesor\u00eda t\u00e9cnica, de car\u00e1cter p\u00fablico intergubernamental, constituido el 2 de noviembre de 1973 mediante la suscripci\u00f3n del Convenio de Lima, ratificado por 27 pa\u00edses de Am\u00e9rica Latina y El Caribe, con el objetivo fundamental de fomentar la integraci\u00f3n, conservaci\u00f3n, racional aprovechamiento, comercializaci\u00f3n y defensa de los recursos energ\u00e9ticos de la Regi\u00f3n.","email":"info@olade.org","telephone":"+59322598122","legalName":"Organizaci\u00f3n Latinoamericana de Energ\u00eda","foundingDate":"1973-11-02","numberOfEmployees":{"@type":"QuantitativeValue","minValue":"51","maxValue":"200"}}]}},"_links":{"self":[{"href":"https:\/\/www.olade.org\/en\/wp-json\/wp\/v2\/noticias\/23996"}],"collection":[{"href":"https:\/\/www.olade.org\/en\/wp-json\/wp\/v2\/noticias"}],"about":[{"href":"https:\/\/www.olade.org\/en\/wp-json\/wp\/v2\/types\/noticias"}],"author":[{"embeddable":true,"href":"https:\/\/www.olade.org\/en\/wp-json\/wp\/v2\/users\/3"}],"version-history":[{"count":2,"href":"https:\/\/www.olade.org\/en\/wp-json\/wp\/v2\/noticias\/23996\/revisions"}],"predecessor-version":[{"id":24790,"href":"https:\/\/www.olade.org\/en\/wp-json\/wp\/v2\/noticias\/23996\/revisions\/24790"}],"wp:featuredmedia":[{"embeddable":true,"href":"https:\/\/www.olade.org\/en\/wp-json\/wp\/v2\/media\/24746"}],"wp:attachment":[{"href":"https:\/\/www.olade.org\/en\/wp-json\/wp\/v2\/media?parent=23996"}],"wp:term":[{"taxonomy":"category","embeddable":true,"href":"https:\/\/www.olade.org\/en\/wp-json\/wp\/v2\/categories?post=23996"},{"taxonomy":"post_tag","embeddable":true,"href":"https:\/\/www.olade.org\/en\/wp-json\/wp\/v2\/tags?post=23996"}],"curies":[{"name":"wp","href":"https:\/\/api.w.org\/{rel}","templated":true}]}}