{"id":17530,"date":"2023-01-25T14:20:14","date_gmt":"2023-01-25T19:20:14","guid":{"rendered":"https:\/\/www.olade.org\/noticias\/vii-summit-of-heads-of-state-and-government-of-the-community-of-latin-american-and-caribbean-states\/"},"modified":"2023-01-25T14:20:14","modified_gmt":"2023-01-25T19:20:14","slug":"vii-summit-of-heads-of-state-and-government-of-the-community-of-latin-american-and-caribbean-states","status":"publish","type":"noticias","link":"https:\/\/www.olade.org\/en\/noticias\/vii-summit-of-heads-of-state-and-government-of-the-community-of-latin-american-and-caribbean-states\/","title":{"rendered":"VII  Summit of Heads of State and Government of the Community of Latin American and Caribbean States"},"content":{"rendered":"<p>During the VII Summit of Heads of State and Government of the Community of Latin American and Caribbean States (CELAC), held in Buenos Aires-Argentina on Tuesday, January 24, the role of The Latin American and Caribbean Energy Organization (OLACDE) was highlighted in the Special Declaration on Regional Energy Integration in CELAC countries.<\/p>\n<p>OLACDE, through its Executive Secretary, Alfonso Blanco, was invited to participate, as an observer, in the VII Summit of Heads of State and Government of CELAC, a meeting attended by the 33 Member Countries.<\/p>\n<p>The inauguration ceremony was presided over by the President of Argentina, Alberto Fern\u00e1ndez, who holds the pro tempore presidency of the organization.<\/p>\n<p>&#8220;The time has come to make the Caribbean and Latin America a single region that defends the same interests for the progress of our peoples&#8221;, noting that to achieve this it is necessary to work together because &#8220;it is much easier to achieve these results together&#8221;.<\/p>\n<p>&nbsp;<\/p>\n<p><span>The President of the Republic of Colombia, Gustavo Petro, in relation to the integration of the Americas with clean energy sources, mentioned that\u00a0<\/span><em><span>&#8220;there is a possibility of integration of the Americas, but on the basis of the recognition of our own power&#8221;<\/span><\/em><span>\u00a0and alluded to the regional role of OLACDE.<\/span><\/p>\n<p>He emphasized that OLACDE &#8220;&#8230;could very well be the pillar, the instrument of the concrete projects of Latin American unity&#8221;.<\/p>\n<p>Within the framework of the VII Summit of Heads of State and Government CELAC, the Declaration of Buenos Aires was issued, composed of 100 points of consensus and 11 special declarations.<\/p>\n<p>In the Special Declaration on Regional Energy Integration in CELAC countries, the role of OLACDE is highlighted, mentioning:<\/p>\n<p>\u201c\u2026DECLARE THEIR WILLINGNESS TO:<\/p>\n<ol>\n<li><em><span>Dynamize the regional energy integration process and carry out the Energy Transition through a broad consensus, under the political and regulatory leadership of governments and based on fruitful national dialogues with society and the private sector.<\/span><\/em><\/li>\n<li><em><span>Advance in the integration process at the regional level, with the support of CELAC, in accordance with the internal regulatory frameworks and national energy planning, to ensure that our peoples benefit from greater access to electricity, at more competitive prices within the framework of greater economic and social development, which will enhance energy security and transition in Latin America and the Caribbean; also valuing the work developed by The Latin American and Caribbean Energy Organization (OLACDE)<\/span><\/em><span>&#8230;&#8221;.<\/span><\/li>\n<\/ol>\n<p>&nbsp;<\/p>\n<p>CELAC<\/p>\n<p>The Community of Latin American and Caribbean States (CELAC) is an intergovernmental mechanism for political dialogue and consultation. Its membership includes the thirty-three (33) countries of Latin America and the Caribbean.<\/p>\n<p><span>It is committed to advancing the gradual process of integration in the region, striking a wise balance between unity and the political, economic, social and cultural diversity of the 600 million inhabitants of Latin America and the Caribbean.<\/span><\/p>\n","protected":false},"excerpt":{"rendered":"<p>During the VII Summit of Heads of State and Government of the Community of Latin American and Caribbean States (CELAC), held in Buenos Aires-Argentina on Tuesday, January 24, the role of The Latin American and Caribbean Energy Organization (OLACDE) was highlighted in the Special Declaration on Regional Energy Integration in CELAC countries.<\/p>\n","protected":false},"author":3,"featured_media":17492,"menu_order":0,"template":"","meta":{"_acf_changed":false,"footnotes":""},"categories":[252,26],"tags":[],"class_list":["post-17530","noticias","type-noticias","status-publish","has-post-thumbnail","hentry","category-news","category-uncategorized"],"acf":[],"yoast_head":"<!-- This site is optimized with the Yoast SEO Premium plugin v23.0 (Yoast SEO v23.1) - https:\/\/yoast.com\/wordpress\/plugins\/seo\/ -->\n<title>VII Summit of Heads of State and Government of the Community of Latin American and Caribbean States - OLACDE<\/title>\n<meta name=\"robots\" content=\"index, follow, max-snippet:-1, max-image-preview:large, max-video-preview:-1\" \/>\n<link rel=\"canonical\" href=\"https:\/\/www.olade.org\/en\/noticias\/vii-summit-of-heads-of-state-and-government-of-the-community-of-latin-american-and-caribbean-states\/\" \/>\n<meta property=\"og:locale\" content=\"en_US\" \/>\n<meta property=\"og:type\" content=\"article\" \/>\n<meta property=\"og:title\" content=\"VII Summit of Heads of State and Government of the Community of Latin American and Caribbean States\" \/>\n<meta property=\"og:description\" content=\"During the VII Summit of Heads of State and Government of the Community of Latin American and Caribbean States (CELAC), held in Buenos Aires-Argentina on Tuesday, January 24, the role of The Latin American and Caribbean Energy Organization (OLACDE) was highlighted in the Special Declaration on Regional Energy Integration in CELAC countries.\" \/>\n<meta property=\"og:url\" content=\"https:\/\/www.olade.org\/en\/noticias\/vii-summit-of-heads-of-state-and-government-of-the-community-of-latin-american-and-caribbean-states\/\" \/>\n<meta property=\"og:site_name\" content=\"OLACDE\" \/>\n<meta property=\"article:publisher\" content=\"https:\/\/www.facebook.com\/OLADEORG\" \/>\n<meta property=\"og:image\" content=\"https:\/\/www.olade.org\/wp-content\/uploads\/2023\/01\/CELAC.jpg\" \/>\n\t<meta property=\"og:image:width\" content=\"1600\" \/>\n\t<meta property=\"og:image:height\" content=\"1067\" \/>\n\t<meta property=\"og:image:type\" content=\"image\/jpeg\" \/>\n<meta name=\"twitter:card\" content=\"summary_large_image\" \/>\n<meta name=\"twitter:site\" content=\"@OLADEORG\" \/>\n<meta name=\"twitter:label1\" content=\"Est. reading time\" \/>\n\t<meta name=\"twitter:data1\" content=\"2 minutes\" \/>\n<script type=\"application\/ld+json\" class=\"yoast-schema-graph\">{\"@context\":\"https:\/\/schema.org\",\"@graph\":[{\"@type\":\"WebPage\",\"@id\":\"https:\/\/www.olade.org\/en\/noticias\/vii-summit-of-heads-of-state-and-government-of-the-community-of-latin-american-and-caribbean-states\/\",\"url\":\"https:\/\/www.olade.org\/en\/noticias\/vii-summit-of-heads-of-state-and-government-of-the-community-of-latin-american-and-caribbean-states\/\",\"name\":\"VII Summit of Heads of State and Government of the Community of Latin American and Caribbean States - OLACDE\",\"isPartOf\":{\"@id\":\"https:\/\/www.olade.org\/en\/#website\"},\"primaryImageOfPage\":{\"@id\":\"https:\/\/www.olade.org\/en\/noticias\/vii-summit-of-heads-of-state-and-government-of-the-community-of-latin-american-and-caribbean-states\/#primaryimage\"},\"image\":{\"@id\":\"https:\/\/www.olade.org\/en\/noticias\/vii-summit-of-heads-of-state-and-government-of-the-community-of-latin-american-and-caribbean-states\/#primaryimage\"},\"thumbnailUrl\":\"https:\/\/www.olade.org\/wp-content\/uploads\/2023\/01\/CELAC.jpg\",\"datePublished\":\"2023-01-25T19:20:14+00:00\",\"dateModified\":\"2023-01-25T19:20:14+00:00\",\"breadcrumb\":{\"@id\":\"https:\/\/www.olade.org\/en\/noticias\/vii-summit-of-heads-of-state-and-government-of-the-community-of-latin-american-and-caribbean-states\/#breadcrumb\"},\"inLanguage\":\"en-US\",\"potentialAction\":[{\"@type\":\"ReadAction\",\"target\":[\"https:\/\/www.olade.org\/en\/noticias\/vii-summit-of-heads-of-state-and-government-of-the-community-of-latin-american-and-caribbean-states\/\"]}]},{\"@type\":\"ImageObject\",\"inLanguage\":\"en-US\",\"@id\":\"https:\/\/www.olade.org\/en\/noticias\/vii-summit-of-heads-of-state-and-government-of-the-community-of-latin-american-and-caribbean-states\/#primaryimage\",\"url\":\"https:\/\/www.olade.org\/wp-content\/uploads\/2023\/01\/CELAC.jpg\",\"contentUrl\":\"https:\/\/www.olade.org\/wp-content\/uploads\/2023\/01\/CELAC.jpg\",\"width\":1600,\"height\":1067},{\"@type\":\"BreadcrumbList\",\"@id\":\"https:\/\/www.olade.org\/en\/noticias\/vii-summit-of-heads-of-state-and-government-of-the-community-of-latin-american-and-caribbean-states\/#breadcrumb\",\"itemListElement\":[{\"@type\":\"ListItem\",\"position\":1,\"name\":\"Home\",\"item\":\"https:\/\/www.olade.org\/en\/\"},{\"@type\":\"ListItem\",\"position\":2,\"name\":\"Noticias\",\"item\":\"https:\/\/www.olade.org\/en\/noticias\/\"},{\"@type\":\"ListItem\",\"position\":3,\"name\":\"VII Summit of Heads of State and Government of the Community of Latin American and Caribbean States\"}]},{\"@type\":\"WebSite\",\"@id\":\"https:\/\/www.olade.org\/en\/#website\",\"url\":\"https:\/\/www.olade.org\/en\/\",\"name\":\"OLADE\",\"description\":\"La Organizaci\u00f3n Latinoamericana y Caribe\u00f1a de Energ\u00eda\",\"publisher\":{\"@id\":\"https:\/\/www.olade.org\/en\/#organization\"},\"potentialAction\":[{\"@type\":\"SearchAction\",\"target\":{\"@type\":\"EntryPoint\",\"urlTemplate\":\"https:\/\/www.olade.org\/en\/?s={search_term_string}\"},\"query-input\":\"required name=search_term_string\"}],\"inLanguage\":\"en-US\"},{\"@type\":\"Organization\",\"@id\":\"https:\/\/www.olade.org\/en\/#organization\",\"name\":\"OLADE\",\"url\":\"https:\/\/www.olade.org\/en\/\",\"logo\":{\"@type\":\"ImageObject\",\"inLanguage\":\"en-US\",\"@id\":\"https:\/\/www.olade.org\/en\/#\/schema\/logo\/image\/\",\"url\":\"https:\/\/www.olade.org\/wp-content\/uploads\/2024\/03\/Logo-OLADE-WEB_Color.png\",\"contentUrl\":\"https:\/\/www.olade.org\/wp-content\/uploads\/2024\/03\/Logo-OLADE-WEB_Color.png\",\"width\":300,\"height\":132,\"caption\":\"OLADE\"},\"image\":{\"@id\":\"https:\/\/www.olade.org\/en\/#\/schema\/logo\/image\/\"},\"sameAs\":[\"https:\/\/www.facebook.com\/OLADEORG\",\"https:\/\/x.com\/OLADEORG\",\"https:\/\/www.youtube.com\/user\/oladeorg\",\"https:\/\/www.instagram.com\/oladealc\/\",\"https:\/\/www.linkedin.com\/company\/olade\/\"],\"description\":\"La Organizaci\u00f3n Latinoamericana de Energ\u00eda (OLADE) es un organismo de cooperaci\u00f3n, coordinaci\u00f3n y asesor\u00eda t\u00e9cnica, de car\u00e1cter p\u00fablico intergubernamental, constituido el 2 de noviembre de 1973 mediante la suscripci\u00f3n del Convenio de Lima, ratificado por 27 pa\u00edses de Am\u00e9rica Latina y El Caribe, con el objetivo fundamental de fomentar la integraci\u00f3n, conservaci\u00f3n, racional aprovechamiento, comercializaci\u00f3n y defensa de los recursos energ\u00e9ticos de la Regi\u00f3n.\",\"email\":\"info@olade.org\",\"telephone\":\"+59322598122\",\"legalName\":\"Organizaci\u00f3n Latinoamericana de Energ\u00eda\",\"foundingDate\":\"1973-11-02\",\"numberOfEmployees\":{\"@type\":\"QuantitativeValue\",\"minValue\":\"51\",\"maxValue\":\"200\"}}]}<\/script>\n<!-- \/ Yoast SEO Premium plugin. -->","yoast_head_json":{"title":"VII Summit of Heads of State and Government of the Community of Latin American and Caribbean States - OLACDE","robots":{"index":"index","follow":"follow","max-snippet":"max-snippet:-1","max-image-preview":"max-image-preview:large","max-video-preview":"max-video-preview:-1"},"canonical":"https:\/\/www.olade.org\/en\/noticias\/vii-summit-of-heads-of-state-and-government-of-the-community-of-latin-american-and-caribbean-states\/","og_locale":"en_US","og_type":"article","og_title":"VII Summit of Heads of State and Government of the Community of Latin American and Caribbean States","og_description":"During the VII Summit of Heads of State and Government of the Community of Latin American and Caribbean States (CELAC), held in Buenos Aires-Argentina on Tuesday, January 24, the role of The Latin American and Caribbean Energy Organization (OLACDE) was highlighted in the Special Declaration on Regional Energy Integration in CELAC countries.","og_url":"https:\/\/www.olade.org\/en\/noticias\/vii-summit-of-heads-of-state-and-government-of-the-community-of-latin-american-and-caribbean-states\/","og_site_name":"OLACDE","article_publisher":"https:\/\/www.facebook.com\/OLADEORG","og_image":[{"width":1600,"height":1067,"url":"https:\/\/www.olade.org\/wp-content\/uploads\/2023\/01\/CELAC.jpg","type":"image\/jpeg"}],"twitter_card":"summary_large_image","twitter_site":"@OLADEORG","twitter_misc":{"Est. reading time":"2 minutes"},"schema":{"@context":"https:\/\/schema.org","@graph":[{"@type":"WebPage","@id":"https:\/\/www.olade.org\/en\/noticias\/vii-summit-of-heads-of-state-and-government-of-the-community-of-latin-american-and-caribbean-states\/","url":"https:\/\/www.olade.org\/en\/noticias\/vii-summit-of-heads-of-state-and-government-of-the-community-of-latin-american-and-caribbean-states\/","name":"VII Summit of Heads of State and Government of the Community of Latin American and Caribbean States - OLACDE","isPartOf":{"@id":"https:\/\/www.olade.org\/en\/#website"},"primaryImageOfPage":{"@id":"https:\/\/www.olade.org\/en\/noticias\/vii-summit-of-heads-of-state-and-government-of-the-community-of-latin-american-and-caribbean-states\/#primaryimage"},"image":{"@id":"https:\/\/www.olade.org\/en\/noticias\/vii-summit-of-heads-of-state-and-government-of-the-community-of-latin-american-and-caribbean-states\/#primaryimage"},"thumbnailUrl":"https:\/\/www.olade.org\/wp-content\/uploads\/2023\/01\/CELAC.jpg","datePublished":"2023-01-25T19:20:14+00:00","dateModified":"2023-01-25T19:20:14+00:00","breadcrumb":{"@id":"https:\/\/www.olade.org\/en\/noticias\/vii-summit-of-heads-of-state-and-government-of-the-community-of-latin-american-and-caribbean-states\/#breadcrumb"},"inLanguage":"en-US","potentialAction":[{"@type":"ReadAction","target":["https:\/\/www.olade.org\/en\/noticias\/vii-summit-of-heads-of-state-and-government-of-the-community-of-latin-american-and-caribbean-states\/"]}]},{"@type":"ImageObject","inLanguage":"en-US","@id":"https:\/\/www.olade.org\/en\/noticias\/vii-summit-of-heads-of-state-and-government-of-the-community-of-latin-american-and-caribbean-states\/#primaryimage","url":"https:\/\/www.olade.org\/wp-content\/uploads\/2023\/01\/CELAC.jpg","contentUrl":"https:\/\/www.olade.org\/wp-content\/uploads\/2023\/01\/CELAC.jpg","width":1600,"height":1067},{"@type":"BreadcrumbList","@id":"https:\/\/www.olade.org\/en\/noticias\/vii-summit-of-heads-of-state-and-government-of-the-community-of-latin-american-and-caribbean-states\/#breadcrumb","itemListElement":[{"@type":"ListItem","position":1,"name":"Home","item":"https:\/\/www.olade.org\/en\/"},{"@type":"ListItem","position":2,"name":"Noticias","item":"https:\/\/www.olade.org\/en\/noticias\/"},{"@type":"ListItem","position":3,"name":"VII Summit of Heads of State and Government of the Community of Latin American and Caribbean States"}]},{"@type":"WebSite","@id":"https:\/\/www.olade.org\/en\/#website","url":"https:\/\/www.olade.org\/en\/","name":"OLADE","description":"La Organizaci\u00f3n Latinoamericana y Caribe\u00f1a de Energ\u00eda","publisher":{"@id":"https:\/\/www.olade.org\/en\/#organization"},"potentialAction":[{"@type":"SearchAction","target":{"@type":"EntryPoint","urlTemplate":"https:\/\/www.olade.org\/en\/?s={search_term_string}"},"query-input":"required name=search_term_string"}],"inLanguage":"en-US"},{"@type":"Organization","@id":"https:\/\/www.olade.org\/en\/#organization","name":"OLADE","url":"https:\/\/www.olade.org\/en\/","logo":{"@type":"ImageObject","inLanguage":"en-US","@id":"https:\/\/www.olade.org\/en\/#\/schema\/logo\/image\/","url":"https:\/\/www.olade.org\/wp-content\/uploads\/2024\/03\/Logo-OLADE-WEB_Color.png","contentUrl":"https:\/\/www.olade.org\/wp-content\/uploads\/2024\/03\/Logo-OLADE-WEB_Color.png","width":300,"height":132,"caption":"OLADE"},"image":{"@id":"https:\/\/www.olade.org\/en\/#\/schema\/logo\/image\/"},"sameAs":["https:\/\/www.facebook.com\/OLADEORG","https:\/\/x.com\/OLADEORG","https:\/\/www.youtube.com\/user\/oladeorg","https:\/\/www.instagram.com\/oladealc\/","https:\/\/www.linkedin.com\/company\/olade\/"],"description":"La Organizaci\u00f3n Latinoamericana de Energ\u00eda (OLADE) es un organismo de cooperaci\u00f3n, coordinaci\u00f3n y asesor\u00eda t\u00e9cnica, de car\u00e1cter p\u00fablico intergubernamental, constituido el 2 de noviembre de 1973 mediante la suscripci\u00f3n del Convenio de Lima, ratificado por 27 pa\u00edses de Am\u00e9rica Latina y El Caribe, con el objetivo fundamental de fomentar la integraci\u00f3n, conservaci\u00f3n, racional aprovechamiento, comercializaci\u00f3n y defensa de los recursos energ\u00e9ticos de la Regi\u00f3n.","email":"info@olade.org","telephone":"+59322598122","legalName":"Organizaci\u00f3n Latinoamericana de Energ\u00eda","foundingDate":"1973-11-02","numberOfEmployees":{"@type":"QuantitativeValue","minValue":"51","maxValue":"200"}}]}},"_links":{"self":[{"href":"https:\/\/www.olade.org\/en\/wp-json\/wp\/v2\/noticias\/17530"}],"collection":[{"href":"https:\/\/www.olade.org\/en\/wp-json\/wp\/v2\/noticias"}],"about":[{"href":"https:\/\/www.olade.org\/en\/wp-json\/wp\/v2\/types\/noticias"}],"author":[{"embeddable":true,"href":"https:\/\/www.olade.org\/en\/wp-json\/wp\/v2\/users\/3"}],"version-history":[{"count":0,"href":"https:\/\/www.olade.org\/en\/wp-json\/wp\/v2\/noticias\/17530\/revisions"}],"wp:featuredmedia":[{"embeddable":true,"href":"https:\/\/www.olade.org\/en\/wp-json\/wp\/v2\/media\/17492"}],"wp:attachment":[{"href":"https:\/\/www.olade.org\/en\/wp-json\/wp\/v2\/media?parent=17530"}],"wp:term":[{"taxonomy":"category","embeddable":true,"href":"https:\/\/www.olade.org\/en\/wp-json\/wp\/v2\/categories?post=17530"},{"taxonomy":"post_tag","embeddable":true,"href":"https:\/\/www.olade.org\/en\/wp-json\/wp\/v2\/tags?post=17530"}],"curies":[{"name":"wp","href":"https:\/\/api.w.org\/{rel}","templated":true}]}}