{"id":11030,"date":"2018-10-03T00:00:00","date_gmt":"2018-10-03T05:00:00","guid":{"rendered":"http:\/\/www.olade.org\/noticias\/the-adaptation-measures-in-the-pilot-basin-of-the-plurinational-state-of-bolivia-were-discussed-in-cochabamba-bolivia\/"},"modified":"2020-06-22T21:23:20","modified_gmt":"2020-06-23T02:23:20","slug":"the-adaptation-measures-in-the-pilot-basin-of-the-plurinational-state-of-bolivia-were-discussed-in-cochabamba-bolivia","status":"publish","type":"noticias","link":"https:\/\/www.olade.org\/en\/noticias\/the-adaptation-measures-in-the-pilot-basin-of-the-plurinational-state-of-bolivia-were-discussed-in-cochabamba-bolivia\/","title":{"rendered":"The adaptation measures in the pilot basin of the Plurinational State of Bolivia were discussed in Cochabamba-Bolivia."},"content":{"rendered":"<div class=\"wpb-content-wrapper\"><p>[vc_row][vc_column][vc_column_text]The adaptation measures for the pilot basin of the Plurinational State of Bolivia was the topic of the workshop held on September 24 and 25, 2018, in Cochabamba-Bolivia. This activity was developed within the framework of the project \u201cVulnerability to climate change and its adaptation measures of the hydroelectric systems of the Andean countries\u201d, executed by OLACDE with IDB\u2019s funding.<\/p>\n<p>Disseminating the partial results of the project&#8217;s progress and discussing the most appropriate adaptation measures for the Corani and Santa Isabel hydroelectric power plants were the objective topics discussed during the workshop, which was attended by representatives of the Bolivian Ministry of Energy, the ENDE-CORANI Corporation and the National Load Dispatching Committee (CNDC). This working day was coordinated by one of OLACDE&#8217;s technicians, Fabio Garc\u00eda and Volker Frank, representing the consulting consortium Tecnalia.<\/p>\n<p>The rest of the participants were present through OLACDE&#8217;s virtual training platform, capevLAC.<\/p>\n<p><strong>Department of Communication\u00a0 <\/strong><\/p>\n<p><strong>and Institutional Relations <\/strong><\/p>\n<p><a href=\"mailto:gabriela.jarrin@OLACDE.org\"><strong>gabriela.jarrin@OLACDE.org<\/strong><\/a>[\/vc_column_text][\/vc_column][\/vc_row]<\/p>\n<\/div>","protected":false},"excerpt":{"rendered":"<p>[vc_row][vc_column][vc_column_text]The adaptation measures for the pilot basin of the Plurinational State of Bolivia was the topic of the workshop held on September 24 and 25, 2018, in Cochabamba-Bolivia. This activity was developed within the framework of the project \u201cVulnerability to climate change and its adaptation measures of the hydroelectric systems of the Andean countries\u201d, executed [&hellip;]<\/p>\n","protected":false},"author":3,"featured_media":9250,"menu_order":0,"template":"","meta":{"_acf_changed":false,"footnotes":""},"categories":[1],"tags":[],"class_list":["post-11030","noticias","type-noticias","status-publish","has-post-thumbnail","hentry","category-sin-categorizar"],"acf":[],"yoast_head":"<!-- This site is optimized with the Yoast SEO Premium plugin v23.0 (Yoast SEO v23.1) - https:\/\/yoast.com\/wordpress\/plugins\/seo\/ -->\n<title>The adaptation measures in the pilot basin of the Plurinational State of Bolivia were discussed in Cochabamba-Bolivia. - OLACDE<\/title>\n<meta name=\"robots\" content=\"index, follow, max-snippet:-1, max-image-preview:large, max-video-preview:-1\" \/>\n<link rel=\"canonical\" href=\"https:\/\/www.olade.org\/en\/noticias\/the-adaptation-measures-in-the-pilot-basin-of-the-plurinational-state-of-bolivia-were-discussed-in-cochabamba-bolivia\/\" \/>\n<meta property=\"og:locale\" content=\"en_US\" \/>\n<meta property=\"og:type\" content=\"article\" \/>\n<meta property=\"og:title\" content=\"The adaptation measures in the pilot basin of the Plurinational State of Bolivia were discussed in Cochabamba-Bolivia.\" \/>\n<meta property=\"og:description\" content=\"[vc_row][vc_column][vc_column_text]The adaptation measures for the pilot basin of the Plurinational State of Bolivia was the topic of the workshop held on September 24 and 25, 2018, in Cochabamba-Bolivia. This activity was developed within the framework of the project \u201cVulnerability to climate change and its adaptation measures of the hydroelectric systems of the Andean countries\u201d, executed [&hellip;]\" \/>\n<meta property=\"og:url\" content=\"https:\/\/www.olade.org\/en\/noticias\/the-adaptation-measures-in-the-pilot-basin-of-the-plurinational-state-of-bolivia-were-discussed-in-cochabamba-bolivia\/\" \/>\n<meta property=\"og:site_name\" content=\"OLACDE\" \/>\n<meta property=\"article:publisher\" content=\"https:\/\/www.facebook.com\/OLADEORG\" \/>\n<meta property=\"article:modified_time\" content=\"2020-06-23T02:23:20+00:00\" \/>\n<meta property=\"og:image\" content=\"https:\/\/www.olade.org\/wp-content\/uploads\/2020\/05\/PHOTO-2018-10-11-17-23-34.jpg\" \/>\n\t<meta property=\"og:image:width\" content=\"1280\" \/>\n\t<meta property=\"og:image:height\" content=\"720\" \/>\n\t<meta property=\"og:image:type\" content=\"image\/jpeg\" \/>\n<meta name=\"twitter:card\" content=\"summary_large_image\" \/>\n<meta name=\"twitter:site\" content=\"@OLADEORG\" \/>\n<meta name=\"twitter:label1\" content=\"Est. reading time\" \/>\n\t<meta name=\"twitter:data1\" content=\"1 minute\" \/>\n<script type=\"application\/ld+json\" class=\"yoast-schema-graph\">{\"@context\":\"https:\/\/schema.org\",\"@graph\":[{\"@type\":\"WebPage\",\"@id\":\"https:\/\/www.olade.org\/en\/noticias\/the-adaptation-measures-in-the-pilot-basin-of-the-plurinational-state-of-bolivia-were-discussed-in-cochabamba-bolivia\/\",\"url\":\"https:\/\/www.olade.org\/en\/noticias\/the-adaptation-measures-in-the-pilot-basin-of-the-plurinational-state-of-bolivia-were-discussed-in-cochabamba-bolivia\/\",\"name\":\"The adaptation measures in the pilot basin of the Plurinational State of Bolivia were discussed in Cochabamba-Bolivia. - OLACDE\",\"isPartOf\":{\"@id\":\"https:\/\/www.olade.org\/en\/#website\"},\"primaryImageOfPage\":{\"@id\":\"https:\/\/www.olade.org\/en\/noticias\/the-adaptation-measures-in-the-pilot-basin-of-the-plurinational-state-of-bolivia-were-discussed-in-cochabamba-bolivia\/#primaryimage\"},\"image\":{\"@id\":\"https:\/\/www.olade.org\/en\/noticias\/the-adaptation-measures-in-the-pilot-basin-of-the-plurinational-state-of-bolivia-were-discussed-in-cochabamba-bolivia\/#primaryimage\"},\"thumbnailUrl\":\"https:\/\/www.olade.org\/wp-content\/uploads\/2020\/05\/PHOTO-2018-10-11-17-23-34.jpg\",\"datePublished\":\"2018-10-03T05:00:00+00:00\",\"dateModified\":\"2020-06-23T02:23:20+00:00\",\"breadcrumb\":{\"@id\":\"https:\/\/www.olade.org\/en\/noticias\/the-adaptation-measures-in-the-pilot-basin-of-the-plurinational-state-of-bolivia-were-discussed-in-cochabamba-bolivia\/#breadcrumb\"},\"inLanguage\":\"en-US\",\"potentialAction\":[{\"@type\":\"ReadAction\",\"target\":[\"https:\/\/www.olade.org\/en\/noticias\/the-adaptation-measures-in-the-pilot-basin-of-the-plurinational-state-of-bolivia-were-discussed-in-cochabamba-bolivia\/\"]}]},{\"@type\":\"ImageObject\",\"inLanguage\":\"en-US\",\"@id\":\"https:\/\/www.olade.org\/en\/noticias\/the-adaptation-measures-in-the-pilot-basin-of-the-plurinational-state-of-bolivia-were-discussed-in-cochabamba-bolivia\/#primaryimage\",\"url\":\"https:\/\/www.olade.org\/wp-content\/uploads\/2020\/05\/PHOTO-2018-10-11-17-23-34.jpg\",\"contentUrl\":\"https:\/\/www.olade.org\/wp-content\/uploads\/2020\/05\/PHOTO-2018-10-11-17-23-34.jpg\",\"width\":1280,\"height\":720},{\"@type\":\"BreadcrumbList\",\"@id\":\"https:\/\/www.olade.org\/en\/noticias\/the-adaptation-measures-in-the-pilot-basin-of-the-plurinational-state-of-bolivia-were-discussed-in-cochabamba-bolivia\/#breadcrumb\",\"itemListElement\":[{\"@type\":\"ListItem\",\"position\":1,\"name\":\"Home\",\"item\":\"https:\/\/www.olade.org\/en\/\"},{\"@type\":\"ListItem\",\"position\":2,\"name\":\"Noticias\",\"item\":\"https:\/\/www.olade.org\/en\/noticias\/\"},{\"@type\":\"ListItem\",\"position\":3,\"name\":\"The adaptation measures in the pilot basin of the Plurinational State of Bolivia were discussed in Cochabamba-Bolivia.\"}]},{\"@type\":\"WebSite\",\"@id\":\"https:\/\/www.olade.org\/en\/#website\",\"url\":\"https:\/\/www.olade.org\/en\/\",\"name\":\"OLADE\",\"description\":\"La Organizaci\u00f3n Latinoamericana y Caribe\u00f1a de Energ\u00eda\",\"publisher\":{\"@id\":\"https:\/\/www.olade.org\/en\/#organization\"},\"potentialAction\":[{\"@type\":\"SearchAction\",\"target\":{\"@type\":\"EntryPoint\",\"urlTemplate\":\"https:\/\/www.olade.org\/en\/?s={search_term_string}\"},\"query-input\":\"required name=search_term_string\"}],\"inLanguage\":\"en-US\"},{\"@type\":\"Organization\",\"@id\":\"https:\/\/www.olade.org\/en\/#organization\",\"name\":\"OLADE\",\"url\":\"https:\/\/www.olade.org\/en\/\",\"logo\":{\"@type\":\"ImageObject\",\"inLanguage\":\"en-US\",\"@id\":\"https:\/\/www.olade.org\/en\/#\/schema\/logo\/image\/\",\"url\":\"https:\/\/www.olade.org\/wp-content\/uploads\/2024\/03\/Logo-OLADE-WEB_Color.png\",\"contentUrl\":\"https:\/\/www.olade.org\/wp-content\/uploads\/2024\/03\/Logo-OLADE-WEB_Color.png\",\"width\":300,\"height\":132,\"caption\":\"OLADE\"},\"image\":{\"@id\":\"https:\/\/www.olade.org\/en\/#\/schema\/logo\/image\/\"},\"sameAs\":[\"https:\/\/www.facebook.com\/OLADEORG\",\"https:\/\/x.com\/OLADEORG\",\"https:\/\/www.youtube.com\/user\/oladeorg\",\"https:\/\/www.instagram.com\/oladealc\/\",\"https:\/\/www.linkedin.com\/company\/olade\/\"],\"description\":\"La Organizaci\u00f3n Latinoamericana de Energ\u00eda (OLADE) es un organismo de cooperaci\u00f3n, coordinaci\u00f3n y asesor\u00eda t\u00e9cnica, de car\u00e1cter p\u00fablico intergubernamental, constituido el 2 de noviembre de 1973 mediante la suscripci\u00f3n del Convenio de Lima, ratificado por 27 pa\u00edses de Am\u00e9rica Latina y El Caribe, con el objetivo fundamental de fomentar la integraci\u00f3n, conservaci\u00f3n, racional aprovechamiento, comercializaci\u00f3n y defensa de los recursos energ\u00e9ticos de la Regi\u00f3n.\",\"email\":\"info@olade.org\",\"telephone\":\"+59322598122\",\"legalName\":\"Organizaci\u00f3n Latinoamericana de Energ\u00eda\",\"foundingDate\":\"1973-11-02\",\"numberOfEmployees\":{\"@type\":\"QuantitativeValue\",\"minValue\":\"51\",\"maxValue\":\"200\"}}]}<\/script>\n<!-- \/ Yoast SEO Premium plugin. -->","yoast_head_json":{"title":"The adaptation measures in the pilot basin of the Plurinational State of Bolivia were discussed in Cochabamba-Bolivia. - OLACDE","robots":{"index":"index","follow":"follow","max-snippet":"max-snippet:-1","max-image-preview":"max-image-preview:large","max-video-preview":"max-video-preview:-1"},"canonical":"https:\/\/www.olade.org\/en\/noticias\/the-adaptation-measures-in-the-pilot-basin-of-the-plurinational-state-of-bolivia-were-discussed-in-cochabamba-bolivia\/","og_locale":"en_US","og_type":"article","og_title":"The adaptation measures in the pilot basin of the Plurinational State of Bolivia were discussed in Cochabamba-Bolivia.","og_description":"[vc_row][vc_column][vc_column_text]The adaptation measures for the pilot basin of the Plurinational State of Bolivia was the topic of the workshop held on September 24 and 25, 2018, in Cochabamba-Bolivia. This activity was developed within the framework of the project \u201cVulnerability to climate change and its adaptation measures of the hydroelectric systems of the Andean countries\u201d, executed [&hellip;]","og_url":"https:\/\/www.olade.org\/en\/noticias\/the-adaptation-measures-in-the-pilot-basin-of-the-plurinational-state-of-bolivia-were-discussed-in-cochabamba-bolivia\/","og_site_name":"OLACDE","article_publisher":"https:\/\/www.facebook.com\/OLADEORG","article_modified_time":"2020-06-23T02:23:20+00:00","og_image":[{"width":1280,"height":720,"url":"https:\/\/www.olade.org\/wp-content\/uploads\/2020\/05\/PHOTO-2018-10-11-17-23-34.jpg","type":"image\/jpeg"}],"twitter_card":"summary_large_image","twitter_site":"@OLADEORG","twitter_misc":{"Est. reading time":"1 minute"},"schema":{"@context":"https:\/\/schema.org","@graph":[{"@type":"WebPage","@id":"https:\/\/www.olade.org\/en\/noticias\/the-adaptation-measures-in-the-pilot-basin-of-the-plurinational-state-of-bolivia-were-discussed-in-cochabamba-bolivia\/","url":"https:\/\/www.olade.org\/en\/noticias\/the-adaptation-measures-in-the-pilot-basin-of-the-plurinational-state-of-bolivia-were-discussed-in-cochabamba-bolivia\/","name":"The adaptation measures in the pilot basin of the Plurinational State of Bolivia were discussed in Cochabamba-Bolivia. - OLACDE","isPartOf":{"@id":"https:\/\/www.olade.org\/en\/#website"},"primaryImageOfPage":{"@id":"https:\/\/www.olade.org\/en\/noticias\/the-adaptation-measures-in-the-pilot-basin-of-the-plurinational-state-of-bolivia-were-discussed-in-cochabamba-bolivia\/#primaryimage"},"image":{"@id":"https:\/\/www.olade.org\/en\/noticias\/the-adaptation-measures-in-the-pilot-basin-of-the-plurinational-state-of-bolivia-were-discussed-in-cochabamba-bolivia\/#primaryimage"},"thumbnailUrl":"https:\/\/www.olade.org\/wp-content\/uploads\/2020\/05\/PHOTO-2018-10-11-17-23-34.jpg","datePublished":"2018-10-03T05:00:00+00:00","dateModified":"2020-06-23T02:23:20+00:00","breadcrumb":{"@id":"https:\/\/www.olade.org\/en\/noticias\/the-adaptation-measures-in-the-pilot-basin-of-the-plurinational-state-of-bolivia-were-discussed-in-cochabamba-bolivia\/#breadcrumb"},"inLanguage":"en-US","potentialAction":[{"@type":"ReadAction","target":["https:\/\/www.olade.org\/en\/noticias\/the-adaptation-measures-in-the-pilot-basin-of-the-plurinational-state-of-bolivia-were-discussed-in-cochabamba-bolivia\/"]}]},{"@type":"ImageObject","inLanguage":"en-US","@id":"https:\/\/www.olade.org\/en\/noticias\/the-adaptation-measures-in-the-pilot-basin-of-the-plurinational-state-of-bolivia-were-discussed-in-cochabamba-bolivia\/#primaryimage","url":"https:\/\/www.olade.org\/wp-content\/uploads\/2020\/05\/PHOTO-2018-10-11-17-23-34.jpg","contentUrl":"https:\/\/www.olade.org\/wp-content\/uploads\/2020\/05\/PHOTO-2018-10-11-17-23-34.jpg","width":1280,"height":720},{"@type":"BreadcrumbList","@id":"https:\/\/www.olade.org\/en\/noticias\/the-adaptation-measures-in-the-pilot-basin-of-the-plurinational-state-of-bolivia-were-discussed-in-cochabamba-bolivia\/#breadcrumb","itemListElement":[{"@type":"ListItem","position":1,"name":"Home","item":"https:\/\/www.olade.org\/en\/"},{"@type":"ListItem","position":2,"name":"Noticias","item":"https:\/\/www.olade.org\/en\/noticias\/"},{"@type":"ListItem","position":3,"name":"The adaptation measures in the pilot basin of the Plurinational State of Bolivia were discussed in Cochabamba-Bolivia."}]},{"@type":"WebSite","@id":"https:\/\/www.olade.org\/en\/#website","url":"https:\/\/www.olade.org\/en\/","name":"OLADE","description":"La Organizaci\u00f3n Latinoamericana y Caribe\u00f1a de Energ\u00eda","publisher":{"@id":"https:\/\/www.olade.org\/en\/#organization"},"potentialAction":[{"@type":"SearchAction","target":{"@type":"EntryPoint","urlTemplate":"https:\/\/www.olade.org\/en\/?s={search_term_string}"},"query-input":"required name=search_term_string"}],"inLanguage":"en-US"},{"@type":"Organization","@id":"https:\/\/www.olade.org\/en\/#organization","name":"OLADE","url":"https:\/\/www.olade.org\/en\/","logo":{"@type":"ImageObject","inLanguage":"en-US","@id":"https:\/\/www.olade.org\/en\/#\/schema\/logo\/image\/","url":"https:\/\/www.olade.org\/wp-content\/uploads\/2024\/03\/Logo-OLADE-WEB_Color.png","contentUrl":"https:\/\/www.olade.org\/wp-content\/uploads\/2024\/03\/Logo-OLADE-WEB_Color.png","width":300,"height":132,"caption":"OLADE"},"image":{"@id":"https:\/\/www.olade.org\/en\/#\/schema\/logo\/image\/"},"sameAs":["https:\/\/www.facebook.com\/OLADEORG","https:\/\/x.com\/OLADEORG","https:\/\/www.youtube.com\/user\/oladeorg","https:\/\/www.instagram.com\/oladealc\/","https:\/\/www.linkedin.com\/company\/olade\/"],"description":"La Organizaci\u00f3n Latinoamericana de Energ\u00eda (OLADE) es un organismo de cooperaci\u00f3n, coordinaci\u00f3n y asesor\u00eda t\u00e9cnica, de car\u00e1cter p\u00fablico intergubernamental, constituido el 2 de noviembre de 1973 mediante la suscripci\u00f3n del Convenio de Lima, ratificado por 27 pa\u00edses de Am\u00e9rica Latina y El Caribe, con el objetivo fundamental de fomentar la integraci\u00f3n, conservaci\u00f3n, racional aprovechamiento, comercializaci\u00f3n y defensa de los recursos energ\u00e9ticos de la Regi\u00f3n.","email":"info@olade.org","telephone":"+59322598122","legalName":"Organizaci\u00f3n Latinoamericana de Energ\u00eda","foundingDate":"1973-11-02","numberOfEmployees":{"@type":"QuantitativeValue","minValue":"51","maxValue":"200"}}]}},"_links":{"self":[{"href":"https:\/\/www.olade.org\/en\/wp-json\/wp\/v2\/noticias\/11030"}],"collection":[{"href":"https:\/\/www.olade.org\/en\/wp-json\/wp\/v2\/noticias"}],"about":[{"href":"https:\/\/www.olade.org\/en\/wp-json\/wp\/v2\/types\/noticias"}],"author":[{"embeddable":true,"href":"https:\/\/www.olade.org\/en\/wp-json\/wp\/v2\/users\/3"}],"version-history":[{"count":1,"href":"https:\/\/www.olade.org\/en\/wp-json\/wp\/v2\/noticias\/11030\/revisions"}],"predecessor-version":[{"id":11730,"href":"https:\/\/www.olade.org\/en\/wp-json\/wp\/v2\/noticias\/11030\/revisions\/11730"}],"wp:featuredmedia":[{"embeddable":true,"href":"https:\/\/www.olade.org\/en\/wp-json\/wp\/v2\/media\/9250"}],"wp:attachment":[{"href":"https:\/\/www.olade.org\/en\/wp-json\/wp\/v2\/media?parent=11030"}],"wp:term":[{"taxonomy":"category","embeddable":true,"href":"https:\/\/www.olade.org\/en\/wp-json\/wp\/v2\/categories?post=11030"},{"taxonomy":"post_tag","embeddable":true,"href":"https:\/\/www.olade.org\/en\/wp-json\/wp\/v2\/tags?post=11030"}],"curies":[{"name":"wp","href":"https:\/\/api.w.org\/{rel}","templated":true}]}}