{"id":11029,"date":"2018-09-17T00:00:00","date_gmt":"2018-09-17T05:00:00","guid":{"rendered":"http:\/\/www.olade.org\/noticias\/the-workshop-on-the-integration-of-renewable-energies-and-regional-interconnections-in-south-america-was-held-in-chile\/"},"modified":"2020-06-22T21:23:24","modified_gmt":"2020-06-23T02:23:24","slug":"the-workshop-on-the-integration-of-renewable-energies-and-regional-interconnections-in-south-america-was-held-in-chile","status":"publish","type":"noticias","link":"https:\/\/www.olade.org\/en\/noticias\/the-workshop-on-the-integration-of-renewable-energies-and-regional-interconnections-in-south-america-was-held-in-chile\/","title":{"rendered":"The workshop on the integration of renewable energies and regional interconnections in South America was held in Chile"},"content":{"rendered":"<div class=\"wpb-content-wrapper\"><p>[vc_row][vc_column][vc_column_text]OLACDE participated in the international workshop \u201cThe Integration of renewable energies and regional interconnections in South America,\u201d with the attendance of its Director of Studies, Projects and Information, Andr\u00e9s Schuschny, on September 5 and 6, 2018 in Chile at the Economic Commission for Latin America and the Caribbean venue (ECLAC &#8211; UN).<\/p>\n<p>The main pillar of this workshop was to unite efforts to allow a massive participation of renewable energies and to work for the integration of electricity markets in South America, through debates on the current challenges and opportunities in this region with respect to regional integration and reviewing the experience and lessons learned from Europe.<\/p>\n<p>The Minister of Energy of the Republic of Chile, Susana Jim\u00e9nez, participated in the workshop and referred to the progress in energy integration with neighboring countries. In her speech, she expressed \u201cChile&#8217;s will is to advance in interconnection with our South American region, thus reversing the reality of being the least interconnected zone in the world.\u201d<\/p>\n<p>She also mentioned that \u201cthe strengthening of our national electrical system will allow us in the future to open the door to the Andean regional market, through the Andean Electrical Interconnection System, SINEA, which unites our ministries of Energy of Colombia, Ecuador, Peru and Chile, as well as Bolivia as an observer.\u201d<\/p>\n<p>The Director of Studies, Projects and Information of OLACDE, Andr\u00e9s Schuschny, in addition to commenting on the activities currently being carried out by the Organization, presented the situation, perspectives, challenges and opportunities of sub-regional energy integration.<\/p>\n<p>This space was also propitious to deal with the issue of climate change, energy\/water co-optimization and the associated socio-environmental problems. As well as to review the international experience in the withdrawal of thermal generators, considering possible strategies for their implementation in South America.<\/p>\n<p>Thus, this meeting was conceived as an occasion of dialogue and work of the stakeholders who have in their hands, the opportunity to achieve the insertion of renewable energy in South America and an energy interconnection at the regional level.<\/p>\n<p>The event was organized by SERC Chile, the National Electricity Coordinator, the Corfo Solar Committee and the support of the Energy Centers of the Universities of Chile and the Pontificia Universidad Cat\u00f3lica, with the sponsorship of the Ministry of Energy.<\/p>\n<p><strong>Department of Communication\u00a0 <\/strong><\/p>\n<p><strong>and Institutional Relations <\/strong><\/p>\n<p><a href=\"mailto:gabriela.jarrin@OLACDE.org\"><strong>gabriela.jarrin@OLACDE.org<\/strong><\/a><\/p>\n<p>&nbsp;<\/p>\n<p>[\/vc_column_text][\/vc_column][\/vc_row]<\/p>\n<\/div>","protected":false},"excerpt":{"rendered":"<p>[vc_row][vc_column][vc_column_text]OLACDE participated in the international workshop \u201cThe Integration of renewable energies and regional interconnections in South America,\u201d with the attendance of its Director of Studies, Projects and Information, Andr\u00e9s Schuschny, on September 5 and 6, 2018 in Chile at the Economic Commission for Latin America and the Caribbean venue (ECLAC &#8211; UN). The main pillar [&hellip;]<\/p>\n","protected":false},"author":3,"featured_media":8800,"menu_order":0,"template":"","meta":{"_acf_changed":false,"footnotes":""},"categories":[1],"tags":[],"class_list":["post-11029","noticias","type-noticias","status-publish","has-post-thumbnail","hentry","category-sin-categorizar"],"acf":[],"yoast_head":"<!-- This site is optimized with the Yoast SEO Premium plugin v23.0 (Yoast SEO v23.1) - https:\/\/yoast.com\/wordpress\/plugins\/seo\/ -->\n<title>The workshop on the integration of renewable energies and regional interconnections in South America was held in Chile - OLACDE<\/title>\n<meta name=\"robots\" content=\"index, follow, max-snippet:-1, max-image-preview:large, max-video-preview:-1\" \/>\n<link rel=\"canonical\" href=\"https:\/\/www.olade.org\/en\/noticias\/the-workshop-on-the-integration-of-renewable-energies-and-regional-interconnections-in-south-america-was-held-in-chile\/\" \/>\n<meta property=\"og:locale\" content=\"en_US\" \/>\n<meta property=\"og:type\" content=\"article\" \/>\n<meta property=\"og:title\" content=\"The workshop on the integration of renewable energies and regional interconnections in South America was held in Chile\" \/>\n<meta property=\"og:description\" content=\"[vc_row][vc_column][vc_column_text]OLACDE participated in the international workshop \u201cThe Integration of renewable energies and regional interconnections in South America,\u201d with the attendance of its Director of Studies, Projects and Information, Andr\u00e9s Schuschny, on September 5 and 6, 2018 in Chile at the Economic Commission for Latin America and the Caribbean venue (ECLAC &#8211; UN). The main pillar [&hellip;]\" \/>\n<meta property=\"og:url\" content=\"https:\/\/www.olade.org\/en\/noticias\/the-workshop-on-the-integration-of-renewable-energies-and-regional-interconnections-in-south-america-was-held-in-chile\/\" \/>\n<meta property=\"og:site_name\" content=\"OLACDE\" \/>\n<meta property=\"article:publisher\" content=\"https:\/\/www.facebook.com\/OLADEORG\" \/>\n<meta property=\"article:modified_time\" content=\"2020-06-23T02:23:24+00:00\" \/>\n<meta property=\"og:image\" content=\"https:\/\/www.olade.org\/wp-content\/uploads\/2020\/05\/W2.jpg\" \/>\n\t<meta property=\"og:image:width\" content=\"1280\" \/>\n\t<meta property=\"og:image:height\" content=\"960\" \/>\n\t<meta property=\"og:image:type\" content=\"image\/jpeg\" \/>\n<meta name=\"twitter:card\" content=\"summary_large_image\" \/>\n<meta name=\"twitter:site\" content=\"@OLADEORG\" \/>\n<meta name=\"twitter:label1\" content=\"Est. reading time\" \/>\n\t<meta name=\"twitter:data1\" content=\"2 minutes\" \/>\n<script type=\"application\/ld+json\" class=\"yoast-schema-graph\">{\"@context\":\"https:\/\/schema.org\",\"@graph\":[{\"@type\":\"WebPage\",\"@id\":\"https:\/\/www.olade.org\/en\/noticias\/the-workshop-on-the-integration-of-renewable-energies-and-regional-interconnections-in-south-america-was-held-in-chile\/\",\"url\":\"https:\/\/www.olade.org\/en\/noticias\/the-workshop-on-the-integration-of-renewable-energies-and-regional-interconnections-in-south-america-was-held-in-chile\/\",\"name\":\"The workshop on the integration of renewable energies and regional interconnections in South America was held in Chile - OLACDE\",\"isPartOf\":{\"@id\":\"https:\/\/www.olade.org\/en\/#website\"},\"primaryImageOfPage\":{\"@id\":\"https:\/\/www.olade.org\/en\/noticias\/the-workshop-on-the-integration-of-renewable-energies-and-regional-interconnections-in-south-america-was-held-in-chile\/#primaryimage\"},\"image\":{\"@id\":\"https:\/\/www.olade.org\/en\/noticias\/the-workshop-on-the-integration-of-renewable-energies-and-regional-interconnections-in-south-america-was-held-in-chile\/#primaryimage\"},\"thumbnailUrl\":\"https:\/\/www.olade.org\/wp-content\/uploads\/2020\/05\/W2.jpg\",\"datePublished\":\"2018-09-17T05:00:00+00:00\",\"dateModified\":\"2020-06-23T02:23:24+00:00\",\"breadcrumb\":{\"@id\":\"https:\/\/www.olade.org\/en\/noticias\/the-workshop-on-the-integration-of-renewable-energies-and-regional-interconnections-in-south-america-was-held-in-chile\/#breadcrumb\"},\"inLanguage\":\"en-US\",\"potentialAction\":[{\"@type\":\"ReadAction\",\"target\":[\"https:\/\/www.olade.org\/en\/noticias\/the-workshop-on-the-integration-of-renewable-energies-and-regional-interconnections-in-south-america-was-held-in-chile\/\"]}]},{\"@type\":\"ImageObject\",\"inLanguage\":\"en-US\",\"@id\":\"https:\/\/www.olade.org\/en\/noticias\/the-workshop-on-the-integration-of-renewable-energies-and-regional-interconnections-in-south-america-was-held-in-chile\/#primaryimage\",\"url\":\"https:\/\/www.olade.org\/wp-content\/uploads\/2020\/05\/W2.jpg\",\"contentUrl\":\"https:\/\/www.olade.org\/wp-content\/uploads\/2020\/05\/W2.jpg\",\"width\":1280,\"height\":960},{\"@type\":\"BreadcrumbList\",\"@id\":\"https:\/\/www.olade.org\/en\/noticias\/the-workshop-on-the-integration-of-renewable-energies-and-regional-interconnections-in-south-america-was-held-in-chile\/#breadcrumb\",\"itemListElement\":[{\"@type\":\"ListItem\",\"position\":1,\"name\":\"Home\",\"item\":\"https:\/\/www.olade.org\/en\/\"},{\"@type\":\"ListItem\",\"position\":2,\"name\":\"Noticias\",\"item\":\"https:\/\/www.olade.org\/en\/noticias\/\"},{\"@type\":\"ListItem\",\"position\":3,\"name\":\"The workshop on the integration of renewable energies and regional interconnections in South America was held in Chile\"}]},{\"@type\":\"WebSite\",\"@id\":\"https:\/\/www.olade.org\/en\/#website\",\"url\":\"https:\/\/www.olade.org\/en\/\",\"name\":\"OLADE\",\"description\":\"La Organizaci\u00f3n Latinoamericana y Caribe\u00f1a de Energ\u00eda\",\"publisher\":{\"@id\":\"https:\/\/www.olade.org\/en\/#organization\"},\"potentialAction\":[{\"@type\":\"SearchAction\",\"target\":{\"@type\":\"EntryPoint\",\"urlTemplate\":\"https:\/\/www.olade.org\/en\/?s={search_term_string}\"},\"query-input\":\"required name=search_term_string\"}],\"inLanguage\":\"en-US\"},{\"@type\":\"Organization\",\"@id\":\"https:\/\/www.olade.org\/en\/#organization\",\"name\":\"OLADE\",\"url\":\"https:\/\/www.olade.org\/en\/\",\"logo\":{\"@type\":\"ImageObject\",\"inLanguage\":\"en-US\",\"@id\":\"https:\/\/www.olade.org\/en\/#\/schema\/logo\/image\/\",\"url\":\"https:\/\/www.olade.org\/wp-content\/uploads\/2024\/03\/Logo-OLADE-WEB_Color.png\",\"contentUrl\":\"https:\/\/www.olade.org\/wp-content\/uploads\/2024\/03\/Logo-OLADE-WEB_Color.png\",\"width\":300,\"height\":132,\"caption\":\"OLADE\"},\"image\":{\"@id\":\"https:\/\/www.olade.org\/en\/#\/schema\/logo\/image\/\"},\"sameAs\":[\"https:\/\/www.facebook.com\/OLADEORG\",\"https:\/\/x.com\/OLADEORG\",\"https:\/\/www.youtube.com\/user\/oladeorg\",\"https:\/\/www.instagram.com\/oladealc\/\",\"https:\/\/www.linkedin.com\/company\/olade\/\"],\"description\":\"La Organizaci\u00f3n Latinoamericana de Energ\u00eda (OLADE) es un organismo de cooperaci\u00f3n, coordinaci\u00f3n y asesor\u00eda t\u00e9cnica, de car\u00e1cter p\u00fablico intergubernamental, constituido el 2 de noviembre de 1973 mediante la suscripci\u00f3n del Convenio de Lima, ratificado por 27 pa\u00edses de Am\u00e9rica Latina y El Caribe, con el objetivo fundamental de fomentar la integraci\u00f3n, conservaci\u00f3n, racional aprovechamiento, comercializaci\u00f3n y defensa de los recursos energ\u00e9ticos de la Regi\u00f3n.\",\"email\":\"info@olade.org\",\"telephone\":\"+59322598122\",\"legalName\":\"Organizaci\u00f3n Latinoamericana de Energ\u00eda\",\"foundingDate\":\"1973-11-02\",\"numberOfEmployees\":{\"@type\":\"QuantitativeValue\",\"minValue\":\"51\",\"maxValue\":\"200\"}}]}<\/script>\n<!-- \/ Yoast SEO Premium plugin. -->","yoast_head_json":{"title":"The workshop on the integration of renewable energies and regional interconnections in South America was held in Chile - OLACDE","robots":{"index":"index","follow":"follow","max-snippet":"max-snippet:-1","max-image-preview":"max-image-preview:large","max-video-preview":"max-video-preview:-1"},"canonical":"https:\/\/www.olade.org\/en\/noticias\/the-workshop-on-the-integration-of-renewable-energies-and-regional-interconnections-in-south-america-was-held-in-chile\/","og_locale":"en_US","og_type":"article","og_title":"The workshop on the integration of renewable energies and regional interconnections in South America was held in Chile","og_description":"[vc_row][vc_column][vc_column_text]OLACDE participated in the international workshop \u201cThe Integration of renewable energies and regional interconnections in South America,\u201d with the attendance of its Director of Studies, Projects and Information, Andr\u00e9s Schuschny, on September 5 and 6, 2018 in Chile at the Economic Commission for Latin America and the Caribbean venue (ECLAC &#8211; UN). The main pillar [&hellip;]","og_url":"https:\/\/www.olade.org\/en\/noticias\/the-workshop-on-the-integration-of-renewable-energies-and-regional-interconnections-in-south-america-was-held-in-chile\/","og_site_name":"OLACDE","article_publisher":"https:\/\/www.facebook.com\/OLADEORG","article_modified_time":"2020-06-23T02:23:24+00:00","og_image":[{"width":1280,"height":960,"url":"https:\/\/www.olade.org\/wp-content\/uploads\/2020\/05\/W2.jpg","type":"image\/jpeg"}],"twitter_card":"summary_large_image","twitter_site":"@OLADEORG","twitter_misc":{"Est. reading time":"2 minutes"},"schema":{"@context":"https:\/\/schema.org","@graph":[{"@type":"WebPage","@id":"https:\/\/www.olade.org\/en\/noticias\/the-workshop-on-the-integration-of-renewable-energies-and-regional-interconnections-in-south-america-was-held-in-chile\/","url":"https:\/\/www.olade.org\/en\/noticias\/the-workshop-on-the-integration-of-renewable-energies-and-regional-interconnections-in-south-america-was-held-in-chile\/","name":"The workshop on the integration of renewable energies and regional interconnections in South America was held in Chile - OLACDE","isPartOf":{"@id":"https:\/\/www.olade.org\/en\/#website"},"primaryImageOfPage":{"@id":"https:\/\/www.olade.org\/en\/noticias\/the-workshop-on-the-integration-of-renewable-energies-and-regional-interconnections-in-south-america-was-held-in-chile\/#primaryimage"},"image":{"@id":"https:\/\/www.olade.org\/en\/noticias\/the-workshop-on-the-integration-of-renewable-energies-and-regional-interconnections-in-south-america-was-held-in-chile\/#primaryimage"},"thumbnailUrl":"https:\/\/www.olade.org\/wp-content\/uploads\/2020\/05\/W2.jpg","datePublished":"2018-09-17T05:00:00+00:00","dateModified":"2020-06-23T02:23:24+00:00","breadcrumb":{"@id":"https:\/\/www.olade.org\/en\/noticias\/the-workshop-on-the-integration-of-renewable-energies-and-regional-interconnections-in-south-america-was-held-in-chile\/#breadcrumb"},"inLanguage":"en-US","potentialAction":[{"@type":"ReadAction","target":["https:\/\/www.olade.org\/en\/noticias\/the-workshop-on-the-integration-of-renewable-energies-and-regional-interconnections-in-south-america-was-held-in-chile\/"]}]},{"@type":"ImageObject","inLanguage":"en-US","@id":"https:\/\/www.olade.org\/en\/noticias\/the-workshop-on-the-integration-of-renewable-energies-and-regional-interconnections-in-south-america-was-held-in-chile\/#primaryimage","url":"https:\/\/www.olade.org\/wp-content\/uploads\/2020\/05\/W2.jpg","contentUrl":"https:\/\/www.olade.org\/wp-content\/uploads\/2020\/05\/W2.jpg","width":1280,"height":960},{"@type":"BreadcrumbList","@id":"https:\/\/www.olade.org\/en\/noticias\/the-workshop-on-the-integration-of-renewable-energies-and-regional-interconnections-in-south-america-was-held-in-chile\/#breadcrumb","itemListElement":[{"@type":"ListItem","position":1,"name":"Home","item":"https:\/\/www.olade.org\/en\/"},{"@type":"ListItem","position":2,"name":"Noticias","item":"https:\/\/www.olade.org\/en\/noticias\/"},{"@type":"ListItem","position":3,"name":"The workshop on the integration of renewable energies and regional interconnections in South America was held in Chile"}]},{"@type":"WebSite","@id":"https:\/\/www.olade.org\/en\/#website","url":"https:\/\/www.olade.org\/en\/","name":"OLADE","description":"La Organizaci\u00f3n Latinoamericana y Caribe\u00f1a de Energ\u00eda","publisher":{"@id":"https:\/\/www.olade.org\/en\/#organization"},"potentialAction":[{"@type":"SearchAction","target":{"@type":"EntryPoint","urlTemplate":"https:\/\/www.olade.org\/en\/?s={search_term_string}"},"query-input":"required name=search_term_string"}],"inLanguage":"en-US"},{"@type":"Organization","@id":"https:\/\/www.olade.org\/en\/#organization","name":"OLADE","url":"https:\/\/www.olade.org\/en\/","logo":{"@type":"ImageObject","inLanguage":"en-US","@id":"https:\/\/www.olade.org\/en\/#\/schema\/logo\/image\/","url":"https:\/\/www.olade.org\/wp-content\/uploads\/2024\/03\/Logo-OLADE-WEB_Color.png","contentUrl":"https:\/\/www.olade.org\/wp-content\/uploads\/2024\/03\/Logo-OLADE-WEB_Color.png","width":300,"height":132,"caption":"OLADE"},"image":{"@id":"https:\/\/www.olade.org\/en\/#\/schema\/logo\/image\/"},"sameAs":["https:\/\/www.facebook.com\/OLADEORG","https:\/\/x.com\/OLADEORG","https:\/\/www.youtube.com\/user\/oladeorg","https:\/\/www.instagram.com\/oladealc\/","https:\/\/www.linkedin.com\/company\/olade\/"],"description":"La Organizaci\u00f3n Latinoamericana de Energ\u00eda (OLADE) es un organismo de cooperaci\u00f3n, coordinaci\u00f3n y asesor\u00eda t\u00e9cnica, de car\u00e1cter p\u00fablico intergubernamental, constituido el 2 de noviembre de 1973 mediante la suscripci\u00f3n del Convenio de Lima, ratificado por 27 pa\u00edses de Am\u00e9rica Latina y El Caribe, con el objetivo fundamental de fomentar la integraci\u00f3n, conservaci\u00f3n, racional aprovechamiento, comercializaci\u00f3n y defensa de los recursos energ\u00e9ticos de la Regi\u00f3n.","email":"info@olade.org","telephone":"+59322598122","legalName":"Organizaci\u00f3n Latinoamericana de Energ\u00eda","foundingDate":"1973-11-02","numberOfEmployees":{"@type":"QuantitativeValue","minValue":"51","maxValue":"200"}}]}},"_links":{"self":[{"href":"https:\/\/www.olade.org\/en\/wp-json\/wp\/v2\/noticias\/11029"}],"collection":[{"href":"https:\/\/www.olade.org\/en\/wp-json\/wp\/v2\/noticias"}],"about":[{"href":"https:\/\/www.olade.org\/en\/wp-json\/wp\/v2\/types\/noticias"}],"author":[{"embeddable":true,"href":"https:\/\/www.olade.org\/en\/wp-json\/wp\/v2\/users\/3"}],"version-history":[{"count":1,"href":"https:\/\/www.olade.org\/en\/wp-json\/wp\/v2\/noticias\/11029\/revisions"}],"predecessor-version":[{"id":11772,"href":"https:\/\/www.olade.org\/en\/wp-json\/wp\/v2\/noticias\/11029\/revisions\/11772"}],"wp:featuredmedia":[{"embeddable":true,"href":"https:\/\/www.olade.org\/en\/wp-json\/wp\/v2\/media\/8800"}],"wp:attachment":[{"href":"https:\/\/www.olade.org\/en\/wp-json\/wp\/v2\/media?parent=11029"}],"wp:term":[{"taxonomy":"category","embeddable":true,"href":"https:\/\/www.olade.org\/en\/wp-json\/wp\/v2\/categories?post=11029"},{"taxonomy":"post_tag","embeddable":true,"href":"https:\/\/www.olade.org\/en\/wp-json\/wp\/v2\/tags?post=11029"}],"curies":[{"name":"wp","href":"https:\/\/api.w.org\/{rel}","templated":true}]}}